{"id":63152,"date":"2026-03-09T09:47:00","date_gmt":"2026-03-09T09:47:00","guid":{"rendered":"https:\/\/www.farnost-strazske.sk\/?p=63152"},"modified":"2026-03-09T09:47:00","modified_gmt":"2026-03-09T09:47:00","slug":"lev-xiv-ako-pri-studni-so-samaritankou-aj-dnes-jezis-caka-na-kazdeho-cloveka","status":"publish","type":"post","link":"https:\/\/www.farnost-strazske.sk\/?p=63152","title":{"rendered":"Lev XIV.: Ako pri studni so Samarit\u00e1nkou, aj dnes Je\u017ei\u0161 \u010dak\u00e1 na ka\u017ed\u00e9ho \u010dloveka"},"content":{"rendered":"<p>V nede\u013eu 8. marca popoludn\u00ed nav\u0161t\u00edvil Lev XIV. farnos\u0165 Santa Maria della Presentazione v \u0161tvrti Torrevecchia na severoz\u00e1padnej perif\u00e9rii R\u00edma. V hom\u00edlii sa zamyslel nad evanjeliov\u00fdm stretnut\u00edm Je\u017ei\u0161a so samarit\u00e1nkou pri studni a pripomenul, \u017ee Kristus prich\u00e1dza v \u00fastrety ka\u017ed\u00e9mu \u010dloveku so \u201e\u017eivou vodou\u201c, ktor\u00e1 premie\u0148a \u017eivot. P\u00e1pe\u017e z\u00e1rove\u0148 povzbudil miestne farsk\u00e9 spolo\u010denstvo, aby bolo miestom prijatia, n\u00e1deje a konkr\u00e9tnej pomoci pre \u013eud\u00ed zranen\u00fdch chudobou, osamelos\u0165ou \u010di stratou perspekt\u00edvy.<\/p>\n<p><a href=\"https:\/\/www.vaticannews.va\/sk\/papez\/news\/2026-03\/lev-xiv-ako-pri-studni-so-samaritankou-aj-dnes-jezis-caka.html\">\u010c\u00edtaj cel\u00e9<\/a><\/p>\n<p>\u00a0<\/p>","protected":false},"excerpt":{"rendered":"<p>V nede\u013eu 8. marca popoludn\u00ed nav\u0161t\u00edvil Lev XIV. farnos\u0165 Santa Maria della Presentazione v \u0161tvrti Torrevecchia na severoz\u00e1padnej perif\u00e9rii R\u00edma. V hom\u00edlii sa zamyslel nad evanjeliov\u00fdm stretnut\u00edm Je\u017ei\u0161a so samarit\u00e1nkou pri studni a pripomenul, \u017ee Kristus prich\u00e1dza v \u00fastrety ka\u017ed\u00e9mu \u010dloveku so \u201e\u017eivou vodou\u201c, ktor\u00e1 premie\u0148a \u017eivot. P\u00e1pe\u017e z\u00e1rove\u0148 povzbudil miestne farsk\u00e9 spolo\u010denstvo, aby bolo [&hellip;]<\/p>\n","protected":false},"author":1,"featured_media":0,"comment_status":"closed","ping_status":"closed","sticky":false,"template":"","format":"standard","meta":{"ngg_post_thumbnail":0,"footnotes":""},"categories":[31],"tags":[],"class_list":["post-63152","post","type-post","status-publish","format-standard","hentry","category-spravy-z-vatikanu"],"views":8,"_links":{"self":[{"href":"https:\/\/www.farnost-strazske.sk\/index.php?rest_route=\/wp\/v2\/posts\/63152","targetHints":{"allow":["GET"]}}],"collection":[{"href":"https:\/\/www.farnost-strazske.sk\/index.php?rest_route=\/wp\/v2\/posts"}],"about":[{"href":"https:\/\/www.farnost-strazske.sk\/index.php?rest_route=\/wp\/v2\/types\/post"}],"author":[{"embeddable":true,"href":"https:\/\/www.farnost-strazske.sk\/index.php?rest_route=\/wp\/v2\/users\/1"}],"replies":[{"embeddable":true,"href":"https:\/\/www.farnost-strazske.sk\/index.php?rest_route=%2Fwp%2Fv2%2Fcomments&post=63152"}],"version-history":[{"count":0,"href":"https:\/\/www.farnost-strazske.sk\/index.php?rest_route=\/wp\/v2\/posts\/63152\/revisions"}],"wp:attachment":[{"href":"https:\/\/www.farnost-strazske.sk\/index.php?rest_route=%2Fwp%2Fv2%2Fmedia&parent=63152"}],"wp:term":[{"taxonomy":"category","embeddable":true,"href":"https:\/\/www.farnost-strazske.sk\/index.php?rest_route=%2Fwp%2Fv2%2Fcategories&post=63152"},{"taxonomy":"post_tag","embeddable":true,"href":"https:\/\/www.farnost-strazske.sk\/index.php?rest_route=%2Fwp%2Fv2%2Ftags&post=63152"}],"curies":[{"name":"wp","href":"https:\/\/api.w.org\/{rel}","templated":true}]}}