{"id":63153,"date":"2026-03-10T18:04:00","date_gmt":"2026-03-10T18:04:00","guid":{"rendered":"https:\/\/www.farnost-strazske.sk\/?p=63153"},"modified":"2026-03-10T18:04:00","modified_gmt":"2026-03-10T18:04:00","slug":"mons-caccia-je-novym-nunciom-v-usa","status":"publish","type":"post","link":"https:\/\/www.farnost-strazske.sk\/?p=63153","title":{"rendered":"Mons. Caccia je nov\u00fdm nunciom v USA"},"content":{"rendered":"<p>P\u00e1pe\u017e Lev XIV. menoval za nov\u00e9ho apo\u0161tolsk\u00e9ho nuncia v USA Mons. Gabrieleho Giordana Cacciu, ktor\u00fd bol od roku 2019 st\u00e1lym pozorovate\u013eom Sv\u00e4tej stolice v OSN v New Yorku. Na poste nuncia vystrieda franc\u00fazskeho kardin\u00e1la Christopha Pierra, ktor\u00fd dosiahol vek 80 rokov. P\u00e1pe\u017e prijal jeho zrieknutie sa \u00faradu z d\u00f4vodu veku. K menovaniu do\u0161lo v sobotu 7. marca.<\/p>\n<p><a href=\"https:\/\/www.vaticannews.va\/sk\/vatikan\/news\/2026-03\/mons-caccia-je-novym-nunciom-v-usa.html\">\u010c\u00edtaj cel\u00e9<\/a><\/p>\n<p>\u00a0<\/p>","protected":false},"excerpt":{"rendered":"<p>P\u00e1pe\u017e Lev XIV. menoval za nov\u00e9ho apo\u0161tolsk\u00e9ho nuncia v USA Mons. Gabrieleho Giordana Cacciu, ktor\u00fd bol od roku 2019 st\u00e1lym pozorovate\u013eom Sv\u00e4tej stolice v OSN v New Yorku. Na poste nuncia vystrieda franc\u00fazskeho kardin\u00e1la Christopha Pierra, ktor\u00fd dosiahol vek 80 rokov. P\u00e1pe\u017e prijal jeho zrieknutie sa \u00faradu z d\u00f4vodu veku. K menovaniu do\u0161lo v sobotu [&hellip;]<\/p>\n","protected":false},"author":1,"featured_media":0,"comment_status":"closed","ping_status":"closed","sticky":false,"template":"","format":"standard","meta":{"ngg_post_thumbnail":0,"footnotes":""},"categories":[31],"tags":[],"class_list":["post-63153","post","type-post","status-publish","format-standard","hentry","category-spravy-z-vatikanu"],"views":10,"_links":{"self":[{"href":"https:\/\/www.farnost-strazske.sk\/index.php?rest_route=\/wp\/v2\/posts\/63153","targetHints":{"allow":["GET"]}}],"collection":[{"href":"https:\/\/www.farnost-strazske.sk\/index.php?rest_route=\/wp\/v2\/posts"}],"about":[{"href":"https:\/\/www.farnost-strazske.sk\/index.php?rest_route=\/wp\/v2\/types\/post"}],"author":[{"embeddable":true,"href":"https:\/\/www.farnost-strazske.sk\/index.php?rest_route=\/wp\/v2\/users\/1"}],"replies":[{"embeddable":true,"href":"https:\/\/www.farnost-strazske.sk\/index.php?rest_route=%2Fwp%2Fv2%2Fcomments&post=63153"}],"version-history":[{"count":0,"href":"https:\/\/www.farnost-strazske.sk\/index.php?rest_route=\/wp\/v2\/posts\/63153\/revisions"}],"wp:attachment":[{"href":"https:\/\/www.farnost-strazske.sk\/index.php?rest_route=%2Fwp%2Fv2%2Fmedia&parent=63153"}],"wp:term":[{"taxonomy":"category","embeddable":true,"href":"https:\/\/www.farnost-strazske.sk\/index.php?rest_route=%2Fwp%2Fv2%2Fcategories&post=63153"},{"taxonomy":"post_tag","embeddable":true,"href":"https:\/\/www.farnost-strazske.sk\/index.php?rest_route=%2Fwp%2Fv2%2Ftags&post=63153"}],"curies":[{"name":"wp","href":"https:\/\/api.w.org\/{rel}","templated":true}]}}