{"id":63154,"date":"2026-03-10T16:53:00","date_gmt":"2026-03-10T16:53:00","guid":{"rendered":"https:\/\/www.farnost-strazske.sk\/?p=63154"},"modified":"2026-03-10T16:53:00","modified_gmt":"2026-03-10T16:53:00","slug":"kardinal-sako-sa-vzdava-uradu-chaldejskeho-patriarchu-bagdadu","status":"publish","type":"post","link":"https:\/\/www.farnost-strazske.sk\/?p=63154","title":{"rendered":"Kardin\u00e1l Sako sa vzd\u00e1va \u00faradu chaldejsk\u00e9ho patriarchu Bagdadu"},"content":{"rendered":"<p>Kardin\u00e1l Louis Rapha\u00ebl Sako predlo\u017eil p\u00e1pe\u017eovi svoju rezign\u00e1ciu, ktor\u00e1 bola dnes 10. marca prijat\u00e1. Dnes bol z\u00e1rove\u0148 zverejnen\u00fd list, v ktorom kardin\u00e1l spom\u00edna na roky svojho p\u00f4sobenia v Iraku. \u201eViedol som chaldejsk\u00fa cirkev za mimoriadne \u0165a\u017ek\u00fdch okolnost\u00ed a uprostred ve\u013ek\u00fdch v\u00fdziev. Zachoval som jednotu jej in\u0161tit\u00faci\u00ed a ne\u0161etril som \u00fasil\u00edm, aby som ju br\u00e1nil\u201c, p\u00ed\u0161e a vyjadruje n\u00e1dej, \u017ee \u201ev t\u00fdchto \u0165a\u017ek\u00fdch \u010dasoch\u201c ho nahrad\u00ed \u201eniekto, kto ver\u00ed v obnovu, otvorenos\u0165 a dial\u00f3g\u201c.<\/p>\n<p><a href=\"https:\/\/www.vaticannews.va\/sk\/vatikan\/news\/2026-03\/kardinal-sako-sa-vzdava-uradu-chaldejskeho-patriarchu-bagdadu.html\">\u010c\u00edtaj cel\u00e9<\/a><\/p>\n<p>\u00a0<\/p>","protected":false},"excerpt":{"rendered":"<p>Kardin\u00e1l Louis Rapha\u00ebl Sako predlo\u017eil p\u00e1pe\u017eovi svoju rezign\u00e1ciu, ktor\u00e1 bola dnes 10. marca prijat\u00e1. Dnes bol z\u00e1rove\u0148 zverejnen\u00fd list, v ktorom kardin\u00e1l spom\u00edna na roky svojho p\u00f4sobenia v Iraku. \u201eViedol som chaldejsk\u00fa cirkev za mimoriadne \u0165a\u017ek\u00fdch okolnost\u00ed a uprostred ve\u013ek\u00fdch v\u00fdziev. Zachoval som jednotu jej in\u0161tit\u00faci\u00ed a ne\u0161etril som \u00fasil\u00edm, aby som ju br\u00e1nil\u201c, p\u00ed\u0161e [&hellip;]<\/p>\n","protected":false},"author":1,"featured_media":0,"comment_status":"closed","ping_status":"closed","sticky":false,"template":"","format":"standard","meta":{"ngg_post_thumbnail":0,"footnotes":""},"categories":[31],"tags":[],"class_list":["post-63154","post","type-post","status-publish","format-standard","hentry","category-spravy-z-vatikanu"],"views":9,"_links":{"self":[{"href":"https:\/\/www.farnost-strazske.sk\/index.php?rest_route=\/wp\/v2\/posts\/63154","targetHints":{"allow":["GET"]}}],"collection":[{"href":"https:\/\/www.farnost-strazske.sk\/index.php?rest_route=\/wp\/v2\/posts"}],"about":[{"href":"https:\/\/www.farnost-strazske.sk\/index.php?rest_route=\/wp\/v2\/types\/post"}],"author":[{"embeddable":true,"href":"https:\/\/www.farnost-strazske.sk\/index.php?rest_route=\/wp\/v2\/users\/1"}],"replies":[{"embeddable":true,"href":"https:\/\/www.farnost-strazske.sk\/index.php?rest_route=%2Fwp%2Fv2%2Fcomments&post=63154"}],"version-history":[{"count":0,"href":"https:\/\/www.farnost-strazske.sk\/index.php?rest_route=\/wp\/v2\/posts\/63154\/revisions"}],"wp:attachment":[{"href":"https:\/\/www.farnost-strazske.sk\/index.php?rest_route=%2Fwp%2Fv2%2Fmedia&parent=63154"}],"wp:term":[{"taxonomy":"category","embeddable":true,"href":"https:\/\/www.farnost-strazske.sk\/index.php?rest_route=%2Fwp%2Fv2%2Fcategories&post=63154"},{"taxonomy":"post_tag","embeddable":true,"href":"https:\/\/www.farnost-strazske.sk\/index.php?rest_route=%2Fwp%2Fv2%2Ftags&post=63154"}],"curies":[{"name":"wp","href":"https:\/\/api.w.org\/{rel}","templated":true}]}}