{"id":63156,"date":"2026-03-10T15:47:00","date_gmt":"2026-03-10T15:47:00","guid":{"rendered":"https:\/\/www.farnost-strazske.sk\/?p=63156"},"modified":"2026-03-10T15:47:00","modified_gmt":"2026-03-10T15:47:00","slug":"kard-parolin-o-irane-obrovska-tragedia-ktora-hrozi-rozsirenim","status":"publish","type":"post","link":"https:\/\/www.farnost-strazske.sk\/?p=63156","title":{"rendered":"Kard. Parolin o Ir\u00e1ne: Obrovsk\u00e1 trag\u00e9dia, ktor\u00e1 hroz\u00ed roz\u0161\u00edren\u00edm"},"content":{"rendered":"<p>Vatik\u00e1nsky \u0161t\u00e1tny sekret\u00e1r v pondelok ve\u010der 9. marca v R\u00edme v r\u00e1mci medzin\u00e1bo\u017eenskej iniciat\u00edvy \u201eIl Tavolo dell&#8217;Iftar-Ramadan 2026\u201c novin\u00e1rom zopakoval, \u017ee Sv\u00e4t\u00e1 stolica rokuje so v\u0161etk\u00fdmi stranami s cie\u013eom obnovi\u0165 dial\u00f3g a pracova\u0165 na mieri, ako je to aj v pr\u00edpade Kuby. V s\u00favislosti so zabit\u00edm otca Pierre El Raiia, maronitsk\u00e9ho far\u00e1ra, ktor\u00fd zahynul v Libanone, zd\u00f4raznil, \u017ee \u201eani Cirkev nie je im\u00fanna vo\u010di utrpeniu obyvate\u013estva\u201d.<\/p>\n<p><a href=\"https:\/\/www.vaticannews.va\/sk\/vatikan\/news\/2026-03\/kard-parolin-o-irane-obrovska-tragedia-ktora-hrozi-rozsirenim.html\">\u010c\u00edtaj cel\u00e9<\/a><\/p>\n<p>\u00a0<\/p>","protected":false},"excerpt":{"rendered":"<p>Vatik\u00e1nsky \u0161t\u00e1tny sekret\u00e1r v pondelok ve\u010der 9. marca v R\u00edme v r\u00e1mci medzin\u00e1bo\u017eenskej iniciat\u00edvy \u201eIl Tavolo dell&#8217;Iftar-Ramadan 2026\u201c novin\u00e1rom zopakoval, \u017ee Sv\u00e4t\u00e1 stolica rokuje so v\u0161etk\u00fdmi stranami s cie\u013eom obnovi\u0165 dial\u00f3g a pracova\u0165 na mieri, ako je to aj v pr\u00edpade Kuby. V s\u00favislosti so zabit\u00edm otca Pierre El Raiia, maronitsk\u00e9ho far\u00e1ra, ktor\u00fd zahynul v [&hellip;]<\/p>\n","protected":false},"author":1,"featured_media":0,"comment_status":"closed","ping_status":"closed","sticky":false,"template":"","format":"standard","meta":{"ngg_post_thumbnail":0,"footnotes":""},"categories":[31],"tags":[],"class_list":["post-63156","post","type-post","status-publish","format-standard","hentry","category-spravy-z-vatikanu"],"views":10,"_links":{"self":[{"href":"https:\/\/www.farnost-strazske.sk\/index.php?rest_route=\/wp\/v2\/posts\/63156","targetHints":{"allow":["GET"]}}],"collection":[{"href":"https:\/\/www.farnost-strazske.sk\/index.php?rest_route=\/wp\/v2\/posts"}],"about":[{"href":"https:\/\/www.farnost-strazske.sk\/index.php?rest_route=\/wp\/v2\/types\/post"}],"author":[{"embeddable":true,"href":"https:\/\/www.farnost-strazske.sk\/index.php?rest_route=\/wp\/v2\/users\/1"}],"replies":[{"embeddable":true,"href":"https:\/\/www.farnost-strazske.sk\/index.php?rest_route=%2Fwp%2Fv2%2Fcomments&post=63156"}],"version-history":[{"count":0,"href":"https:\/\/www.farnost-strazske.sk\/index.php?rest_route=\/wp\/v2\/posts\/63156\/revisions"}],"wp:attachment":[{"href":"https:\/\/www.farnost-strazske.sk\/index.php?rest_route=%2Fwp%2Fv2%2Fmedia&parent=63156"}],"wp:term":[{"taxonomy":"category","embeddable":true,"href":"https:\/\/www.farnost-strazske.sk\/index.php?rest_route=%2Fwp%2Fv2%2Fcategories&post=63156"},{"taxonomy":"post_tag","embeddable":true,"href":"https:\/\/www.farnost-strazske.sk\/index.php?rest_route=%2Fwp%2Fv2%2Ftags&post=63156"}],"curies":[{"name":"wp","href":"https:\/\/api.w.org\/{rel}","templated":true}]}}