{"id":63157,"date":"2026-03-10T13:03:00","date_gmt":"2026-03-10T13:03:00","guid":{"rendered":"https:\/\/www.farnost-strazske.sk\/?p=63157"},"modified":"2026-03-10T13:03:00","modified_gmt":"2026-03-10T13:03:00","slug":"libanon-otec-pierre-el-raii-farar-z-qlaya-bol-zabity-pri-bombovom-utoku","status":"publish","type":"post","link":"https:\/\/www.farnost-strazske.sk\/?p=63157","title":{"rendered":"Libanon: Otec Pierre El Raii, far\u00e1r z Qlaya, bol zabit\u00fd pri bombovom \u00fatoku"},"content":{"rendered":"<p>T\u00fato tragick\u00fa spr\u00e1vu ozn\u00e1mil vatik\u00e1nskym m\u00e9di\u00e1m otec Toufic Bou Merhi, franti\u0161k\u00e1n z Kust\u00f3die Sv\u00e4tej zeme, far\u00e1r katol\u00edkov latinsk\u00e9ho obradu v Tyre a Deirmimas. Otec Pierre El Raii bol smrte\u013ene zranen\u00fd po\u010das \u00fatoku, ke\u010f osobne pri\u0161iel na pomoc zranen\u00e9mu farn\u00edkovi, ktor\u00fd bol zasiahnut\u00fd predch\u00e1dzaj\u00facim ostre\u013eovan\u00edm.<\/p>\n<p><a href=\"https:\/\/www.vaticannews.va\/sk\/cirkev\/news\/2026-03\/libanon-otec-pierre-el-raii-farar-z-qlaya-bol-zabity-pri-bomb.html\">\u010c\u00edtaj cel\u00e9<\/a><\/p>\n<p>\u00a0<\/p>","protected":false},"excerpt":{"rendered":"<p>T\u00fato tragick\u00fa spr\u00e1vu ozn\u00e1mil vatik\u00e1nskym m\u00e9di\u00e1m otec Toufic Bou Merhi, franti\u0161k\u00e1n z Kust\u00f3die Sv\u00e4tej zeme, far\u00e1r katol\u00edkov latinsk\u00e9ho obradu v Tyre a Deirmimas. Otec Pierre El Raii bol smrte\u013ene zranen\u00fd po\u010das \u00fatoku, ke\u010f osobne pri\u0161iel na pomoc zranen\u00e9mu farn\u00edkovi, ktor\u00fd bol zasiahnut\u00fd predch\u00e1dzaj\u00facim ostre\u013eovan\u00edm. \u010c\u00edtaj cel\u00e9 \u00a0<\/p>\n","protected":false},"author":1,"featured_media":0,"comment_status":"closed","ping_status":"closed","sticky":false,"template":"","format":"standard","meta":{"ngg_post_thumbnail":0,"footnotes":""},"categories":[31],"tags":[],"class_list":["post-63157","post","type-post","status-publish","format-standard","hentry","category-spravy-z-vatikanu"],"views":12,"_links":{"self":[{"href":"https:\/\/www.farnost-strazske.sk\/index.php?rest_route=\/wp\/v2\/posts\/63157","targetHints":{"allow":["GET"]}}],"collection":[{"href":"https:\/\/www.farnost-strazske.sk\/index.php?rest_route=\/wp\/v2\/posts"}],"about":[{"href":"https:\/\/www.farnost-strazske.sk\/index.php?rest_route=\/wp\/v2\/types\/post"}],"author":[{"embeddable":true,"href":"https:\/\/www.farnost-strazske.sk\/index.php?rest_route=\/wp\/v2\/users\/1"}],"replies":[{"embeddable":true,"href":"https:\/\/www.farnost-strazske.sk\/index.php?rest_route=%2Fwp%2Fv2%2Fcomments&post=63157"}],"version-history":[{"count":0,"href":"https:\/\/www.farnost-strazske.sk\/index.php?rest_route=\/wp\/v2\/posts\/63157\/revisions"}],"wp:attachment":[{"href":"https:\/\/www.farnost-strazske.sk\/index.php?rest_route=%2Fwp%2Fv2%2Fmedia&parent=63157"}],"wp:term":[{"taxonomy":"category","embeddable":true,"href":"https:\/\/www.farnost-strazske.sk\/index.php?rest_route=%2Fwp%2Fv2%2Fcategories&post=63157"},{"taxonomy":"post_tag","embeddable":true,"href":"https:\/\/www.farnost-strazske.sk\/index.php?rest_route=%2Fwp%2Fv2%2Ftags&post=63157"}],"curies":[{"name":"wp","href":"https:\/\/api.w.org\/{rel}","templated":true}]}}