{"id":63158,"date":"2026-03-11T12:12:00","date_gmt":"2026-03-11T12:12:00","guid":{"rendered":"https:\/\/www.farnost-strazske.sk\/?p=63158"},"modified":"2026-03-11T12:12:00","modified_gmt":"2026-03-11T12:12:00","slug":"papez-prosi-o-modlitbu-za-mier-na-blizkom-vychode","status":"publish","type":"post","link":"https:\/\/www.farnost-strazske.sk\/?p=63158","title":{"rendered":"P\u00e1pe\u017e pros\u00ed o modlitbu za mier na Bl\u00edzkom v\u00fdchode"},"content":{"rendered":"<p>Sv\u00e4t\u00fd Otec v stredu 11. marca v z\u00e1vere gener\u00e1lnej audiencie vyzval k modlitb\u00e1m za mier v Ir\u00e1ne a na celom Bl\u00edzkom v\u00fdchode. Spomenul aj dne\u0161n\u00fd pohreb libanonske\u00e9ho far\u00e1ra El Raiia, ktor\u00fd pod\u013ea vzoru Krista, Dobr\u00e9ho pastiera, v pondelok be\u017eal na pomoc farn\u00edkom zranen\u00fdm bombardovan\u00edm, av\u0161ak s\u00e1m bol zasiahnut\u00fd. \u201eNech P\u00e1n d\u00e1, aby jeho preliata krv bola semenom pokoja pre milovan\u00fd Libanon\u201c, povedal Lev XIV.<\/p>\n<p><a href=\"https:\/\/www.vaticannews.va\/sk\/papez\/news\/2026-03\/papez-prosi-o-modlitbu-za-mier-na-blizkom-vychode.html\">\u010c\u00edtaj cel\u00e9<\/a><\/p>\n<p>\u00a0<\/p>","protected":false},"excerpt":{"rendered":"<p>Sv\u00e4t\u00fd Otec v stredu 11. marca v z\u00e1vere gener\u00e1lnej audiencie vyzval k modlitb\u00e1m za mier v Ir\u00e1ne a na celom Bl\u00edzkom v\u00fdchode. Spomenul aj dne\u0161n\u00fd pohreb libanonske\u00e9ho far\u00e1ra El Raiia, ktor\u00fd pod\u013ea vzoru Krista, Dobr\u00e9ho pastiera, v pondelok be\u017eal na pomoc farn\u00edkom zranen\u00fdm bombardovan\u00edm, av\u0161ak s\u00e1m bol zasiahnut\u00fd. \u201eNech P\u00e1n d\u00e1, aby jeho preliata krv [&hellip;]<\/p>\n","protected":false},"author":1,"featured_media":0,"comment_status":"closed","ping_status":"closed","sticky":false,"template":"","format":"standard","meta":{"ngg_post_thumbnail":0,"footnotes":""},"categories":[31],"tags":[],"class_list":["post-63158","post","type-post","status-publish","format-standard","hentry","category-spravy-z-vatikanu"],"views":10,"_links":{"self":[{"href":"https:\/\/www.farnost-strazske.sk\/index.php?rest_route=\/wp\/v2\/posts\/63158","targetHints":{"allow":["GET"]}}],"collection":[{"href":"https:\/\/www.farnost-strazske.sk\/index.php?rest_route=\/wp\/v2\/posts"}],"about":[{"href":"https:\/\/www.farnost-strazske.sk\/index.php?rest_route=\/wp\/v2\/types\/post"}],"author":[{"embeddable":true,"href":"https:\/\/www.farnost-strazske.sk\/index.php?rest_route=\/wp\/v2\/users\/1"}],"replies":[{"embeddable":true,"href":"https:\/\/www.farnost-strazske.sk\/index.php?rest_route=%2Fwp%2Fv2%2Fcomments&post=63158"}],"version-history":[{"count":0,"href":"https:\/\/www.farnost-strazske.sk\/index.php?rest_route=\/wp\/v2\/posts\/63158\/revisions"}],"wp:attachment":[{"href":"https:\/\/www.farnost-strazske.sk\/index.php?rest_route=%2Fwp%2Fv2%2Fmedia&parent=63158"}],"wp:term":[{"taxonomy":"category","embeddable":true,"href":"https:\/\/www.farnost-strazske.sk\/index.php?rest_route=%2Fwp%2Fv2%2Fcategories&post=63158"},{"taxonomy":"post_tag","embeddable":true,"href":"https:\/\/www.farnost-strazske.sk\/index.php?rest_route=%2Fwp%2Fv2%2Ftags&post=63158"}],"curies":[{"name":"wp","href":"https:\/\/api.w.org\/{rel}","templated":true}]}}