{"id":63159,"date":"2026-03-11T11:38:00","date_gmt":"2026-03-11T11:38:00","guid":{"rendered":"https:\/\/www.farnost-strazske.sk\/?p=63159"},"modified":"2026-03-11T11:38:00","modified_gmt":"2026-03-11T11:38:00","slug":"katecheza-leva-xiv-cirkev-ako-bozi-lud","status":"publish","type":"post","link":"https:\/\/www.farnost-strazske.sk\/?p=63159","title":{"rendered":"Katech\u00e9za Leva XIV.: Cirkev ako Bo\u017e\u00ed \u013eud"},"content":{"rendered":"<p>Po\u010das gener\u00e1lnej audiencie v stredu 11. marca p\u00e1pe\u017e Lev XIV. pokra\u010doval v cykle katech\u00e9z o dokumentoch Druh\u00e9ho vatik\u00e1nskeho koncilu. Tentokr\u00e1t hovoril o druhej kapitole Dogmatickej kon\u0161tit\u00facie Lumen gentium, ktor\u00e1 sa zameriava na Cirkev ako Bo\u017e\u00ed \u013eud. Sv\u00e4t\u00fd Otec pripomenul, \u017ee \u201ev Cirkvi je a mus\u00ed by\u0165 miesto pre v\u0161etk\u00fdch a \u017ee ka\u017ed\u00fd kres\u0165an je povolan\u00fd hl\u00e1sa\u0165 evanjelium a sved\u010di\u0165 o Kristovi v ka\u017edom prostred\u00ed\u201c. Na N\u00e1mest\u00ed sv. Petra bolo aj vy\u0161e 50 Slov\u00e1kov z farnosti Osikov (okr. Bardejov).<\/p>\n<p><a href=\"https:\/\/www.vaticannews.va\/sk\/papez\/news\/2026-03\/katecheza-cirkev-ako-bozi-lud.html\">\u010c\u00edtaj cel\u00e9<\/a><\/p>\n<p>\u00a0<\/p>","protected":false},"excerpt":{"rendered":"<p>Po\u010das gener\u00e1lnej audiencie v stredu 11. marca p\u00e1pe\u017e Lev XIV. pokra\u010doval v cykle katech\u00e9z o dokumentoch Druh\u00e9ho vatik\u00e1nskeho koncilu. Tentokr\u00e1t hovoril o druhej kapitole Dogmatickej kon\u0161tit\u00facie Lumen gentium, ktor\u00e1 sa zameriava na Cirkev ako Bo\u017e\u00ed \u013eud. Sv\u00e4t\u00fd Otec pripomenul, \u017ee \u201ev Cirkvi je a mus\u00ed by\u0165 miesto pre v\u0161etk\u00fdch a \u017ee ka\u017ed\u00fd kres\u0165an je povolan\u00fd [&hellip;]<\/p>\n","protected":false},"author":1,"featured_media":0,"comment_status":"closed","ping_status":"closed","sticky":false,"template":"","format":"standard","meta":{"ngg_post_thumbnail":0,"footnotes":""},"categories":[31],"tags":[],"class_list":["post-63159","post","type-post","status-publish","format-standard","hentry","category-spravy-z-vatikanu"],"views":11,"_links":{"self":[{"href":"https:\/\/www.farnost-strazske.sk\/index.php?rest_route=\/wp\/v2\/posts\/63159","targetHints":{"allow":["GET"]}}],"collection":[{"href":"https:\/\/www.farnost-strazske.sk\/index.php?rest_route=\/wp\/v2\/posts"}],"about":[{"href":"https:\/\/www.farnost-strazske.sk\/index.php?rest_route=\/wp\/v2\/types\/post"}],"author":[{"embeddable":true,"href":"https:\/\/www.farnost-strazske.sk\/index.php?rest_route=\/wp\/v2\/users\/1"}],"replies":[{"embeddable":true,"href":"https:\/\/www.farnost-strazske.sk\/index.php?rest_route=%2Fwp%2Fv2%2Fcomments&post=63159"}],"version-history":[{"count":0,"href":"https:\/\/www.farnost-strazske.sk\/index.php?rest_route=\/wp\/v2\/posts\/63159\/revisions"}],"wp:attachment":[{"href":"https:\/\/www.farnost-strazske.sk\/index.php?rest_route=%2Fwp%2Fv2%2Fmedia&parent=63159"}],"wp:term":[{"taxonomy":"category","embeddable":true,"href":"https:\/\/www.farnost-strazske.sk\/index.php?rest_route=%2Fwp%2Fv2%2Fcategories&post=63159"},{"taxonomy":"post_tag","embeddable":true,"href":"https:\/\/www.farnost-strazske.sk\/index.php?rest_route=%2Fwp%2Fv2%2Ftags&post=63159"}],"curies":[{"name":"wp","href":"https:\/\/api.w.org\/{rel}","templated":true}]}}