{"id":63168,"date":"2026-03-13T15:27:00","date_gmt":"2026-03-13T15:27:00","guid":{"rendered":"https:\/\/www.farnost-strazske.sk\/?p=63168"},"modified":"2026-03-13T15:27:00","modified_gmt":"2026-03-13T15:27:00","slug":"libanon-minister-zahranicnych-veci-prosi-svatu-stolicu-o-pomoc-pre-krestanov-na-juhu","status":"publish","type":"post","link":"https:\/\/www.farnost-strazske.sk\/?p=63168","title":{"rendered":"Libanon: Minister zahrani\u010dn\u00fdch vec\u00ed pros\u00ed Sv\u00e4t\u00fa stolicu o pomoc pre kres\u0165anov na juhu"},"content":{"rendered":"<p>Libanon sa obracia na Sv\u00e4t\u00fa stolicu so \u017eiados\u0165ou o pomoc a ochranu s cie\u013eom zachova\u0165 pr\u00edtomnos\u0165 kres\u0165anov na juhu krajiny, na hranici s Izraelom, ktor\u00ed s\u00fa zasiahnut\u00ed nepretr\u017eit\u00fdm bombardovan\u00edm a pr\u00edkazmi na evaku\u00e1ciu, \u010do sp\u00f4sobilo mas\u00edvnu humanit\u00e1rnu kr\u00edzu.  V utorok sa uskuto\u010dnil telefonick\u00fd rozhovor medzi vatik\u00e1nskym sekret\u00e1rom pre vz\u0165ahy so \u0161t\u00e1tmi Mons. Gallagherom a libanonsk\u00fdm ministrom zahrani\u010dn\u00fdch vec\u00ed Youssefom Raggim. Dial\u00f3g medzi nimi potvrdil aj vatik\u00e1nsky hovorca Matteo Bruni.<\/p>\n<p><a href=\"https:\/\/www.vaticannews.va\/sk\/svet\/news\/2026-03\/libanon-minister-zahranicnych-veci-prosi-svatu-stolicu-o-pomoc.html\">\u010c\u00edtaj cel\u00e9<\/a><\/p>\n<p>\u00a0<\/p>","protected":false},"excerpt":{"rendered":"<p>Libanon sa obracia na Sv\u00e4t\u00fa stolicu so \u017eiados\u0165ou o pomoc a ochranu s cie\u013eom zachova\u0165 pr\u00edtomnos\u0165 kres\u0165anov na juhu krajiny, na hranici s Izraelom, ktor\u00ed s\u00fa zasiahnut\u00ed nepretr\u017eit\u00fdm bombardovan\u00edm a pr\u00edkazmi na evaku\u00e1ciu, \u010do sp\u00f4sobilo mas\u00edvnu humanit\u00e1rnu kr\u00edzu. V utorok sa uskuto\u010dnil telefonick\u00fd rozhovor medzi vatik\u00e1nskym sekret\u00e1rom pre vz\u0165ahy so \u0161t\u00e1tmi Mons. Gallagherom a libanonsk\u00fdm [&hellip;]<\/p>\n","protected":false},"author":1,"featured_media":0,"comment_status":"closed","ping_status":"closed","sticky":false,"template":"","format":"standard","meta":{"ngg_post_thumbnail":0,"footnotes":""},"categories":[31],"tags":[],"class_list":["post-63168","post","type-post","status-publish","format-standard","hentry","category-spravy-z-vatikanu"],"views":10,"_links":{"self":[{"href":"https:\/\/www.farnost-strazske.sk\/index.php?rest_route=\/wp\/v2\/posts\/63168","targetHints":{"allow":["GET"]}}],"collection":[{"href":"https:\/\/www.farnost-strazske.sk\/index.php?rest_route=\/wp\/v2\/posts"}],"about":[{"href":"https:\/\/www.farnost-strazske.sk\/index.php?rest_route=\/wp\/v2\/types\/post"}],"author":[{"embeddable":true,"href":"https:\/\/www.farnost-strazske.sk\/index.php?rest_route=\/wp\/v2\/users\/1"}],"replies":[{"embeddable":true,"href":"https:\/\/www.farnost-strazske.sk\/index.php?rest_route=%2Fwp%2Fv2%2Fcomments&post=63168"}],"version-history":[{"count":0,"href":"https:\/\/www.farnost-strazske.sk\/index.php?rest_route=\/wp\/v2\/posts\/63168\/revisions"}],"wp:attachment":[{"href":"https:\/\/www.farnost-strazske.sk\/index.php?rest_route=%2Fwp%2Fv2%2Fmedia&parent=63168"}],"wp:term":[{"taxonomy":"category","embeddable":true,"href":"https:\/\/www.farnost-strazske.sk\/index.php?rest_route=%2Fwp%2Fv2%2Fcategories&post=63168"},{"taxonomy":"post_tag","embeddable":true,"href":"https:\/\/www.farnost-strazske.sk\/index.php?rest_route=%2Fwp%2Fv2%2Ftags&post=63168"}],"curies":[{"name":"wp","href":"https:\/\/api.w.org\/{rel}","templated":true}]}}