{"id":63169,"date":"2026-03-13T14:40:00","date_gmt":"2026-03-13T14:40:00","guid":{"rendered":"https:\/\/www.farnost-strazske.sk\/?p=63169"},"modified":"2026-03-13T14:40:00","modified_gmt":"2026-03-13T14:40:00","slug":"druha-postna-meditacia-vo-svete-vojen-nie-je-bratstvo-idealom-ale-zodpovednostou","status":"publish","type":"post","link":"https:\/\/www.farnost-strazske.sk\/?p=63169","title":{"rendered":"Druh\u00e1 p\u00f4stna medit\u00e1cia: Vo svete vojen nie je bratstvo ide\u00e1lom, ale zodpovednos\u0165ou"},"content":{"rendered":"<p>Milos\u0165 a bremeno spolo\u010denstva s\u00fa \u00fastrednou t\u00e9mou druhej p\u00f4stnej medit\u00e1cie, ktor\u00e1 sa konala dnes r\u00e1no, 13. marca, v s\u00e1le Pavla VI. za pr\u00edtomnosti p\u00e1pe\u017ea. Kazate\u013e P\u00e1pe\u017esk\u00e9ho domu sa zameriava na intu\u00edciu sv\u00e4t\u00e9ho Franti\u0161ka, ktor\u00fd vn\u00edmal medzi\u013eudsk\u00e9 vz\u0165ahy ako pr\u00edle\u017eitos\u0165 nau\u010di\u0165 sa logiku evanjelia: \u201eNie sme sami a nie sme v\u0161etko,\u201c hovor\u00ed, \u201ea ke\u010f sa nedok\u00e1\u017eeme zmieri\u0165 s touto skuto\u010dnos\u0165ou, pr\u00edtomnos\u0165 druh\u00e9ho sa m\u00f4\u017ee sta\u0165 neznesite\u013enou.\u201c<\/p>\n<p><a href=\"https:\/\/www.vaticannews.va\/sk\/vatikan\/news\/2026-03\/pasolini-vo-svete-vojen-nie-je-bratstvo-idealom-ale.html\">\u010c\u00edtaj cel\u00e9<\/a><\/p>\n<p>\u00a0<\/p>","protected":false},"excerpt":{"rendered":"<p>Milos\u0165 a bremeno spolo\u010denstva s\u00fa \u00fastrednou t\u00e9mou druhej p\u00f4stnej medit\u00e1cie, ktor\u00e1 sa konala dnes r\u00e1no, 13. marca, v s\u00e1le Pavla VI. za pr\u00edtomnosti p\u00e1pe\u017ea. Kazate\u013e P\u00e1pe\u017esk\u00e9ho domu sa zameriava na intu\u00edciu sv\u00e4t\u00e9ho Franti\u0161ka, ktor\u00fd vn\u00edmal medzi\u013eudsk\u00e9 vz\u0165ahy ako pr\u00edle\u017eitos\u0165 nau\u010di\u0165 sa logiku evanjelia: \u201eNie sme sami a nie sme v\u0161etko,\u201c hovor\u00ed, \u201ea ke\u010f sa nedok\u00e1\u017eeme [&hellip;]<\/p>\n","protected":false},"author":1,"featured_media":0,"comment_status":"closed","ping_status":"closed","sticky":false,"template":"","format":"standard","meta":{"ngg_post_thumbnail":0,"footnotes":""},"categories":[31],"tags":[],"class_list":["post-63169","post","type-post","status-publish","format-standard","hentry","category-spravy-z-vatikanu"],"views":11,"_links":{"self":[{"href":"https:\/\/www.farnost-strazske.sk\/index.php?rest_route=\/wp\/v2\/posts\/63169","targetHints":{"allow":["GET"]}}],"collection":[{"href":"https:\/\/www.farnost-strazske.sk\/index.php?rest_route=\/wp\/v2\/posts"}],"about":[{"href":"https:\/\/www.farnost-strazske.sk\/index.php?rest_route=\/wp\/v2\/types\/post"}],"author":[{"embeddable":true,"href":"https:\/\/www.farnost-strazske.sk\/index.php?rest_route=\/wp\/v2\/users\/1"}],"replies":[{"embeddable":true,"href":"https:\/\/www.farnost-strazske.sk\/index.php?rest_route=%2Fwp%2Fv2%2Fcomments&post=63169"}],"version-history":[{"count":0,"href":"https:\/\/www.farnost-strazske.sk\/index.php?rest_route=\/wp\/v2\/posts\/63169\/revisions"}],"wp:attachment":[{"href":"https:\/\/www.farnost-strazske.sk\/index.php?rest_route=%2Fwp%2Fv2%2Fmedia&parent=63169"}],"wp:term":[{"taxonomy":"category","embeddable":true,"href":"https:\/\/www.farnost-strazske.sk\/index.php?rest_route=%2Fwp%2Fv2%2Fcategories&post=63169"},{"taxonomy":"post_tag","embeddable":true,"href":"https:\/\/www.farnost-strazske.sk\/index.php?rest_route=%2Fwp%2Fv2%2Ftags&post=63169"}],"curies":[{"name":"wp","href":"https:\/\/api.w.org\/{rel}","templated":true}]}}