{"id":63170,"date":"2026-03-13T13:46:00","date_gmt":"2026-03-13T13:46:00","guid":{"rendered":"https:\/\/www.farnost-strazske.sk\/?p=63170"},"modified":"2026-03-13T13:46:00","modified_gmt":"2026-03-13T13:46:00","slug":"papez-menoval-vladyku-mariana-andreja-pacaka-cssr-za-apostolskeho-vizitatora","status":"publish","type":"post","link":"https:\/\/www.farnost-strazske.sk\/?p=63170","title":{"rendered":"P\u00e1pe\u017e menoval vladyku Mari\u00e1na Andreja Pac\u00e1ka CSsR za apo\u0161tolsk\u00e9ho vizit\u00e1tora"},"content":{"rendered":"<p>V piatok 13. marca Sv\u00e4t\u00e1 stolica informovala, \u017ee p\u00e1pe\u017e Lev XIV. menoval za apo\u0161tolsk\u00e9ho vizit\u00e1tora pre slovensk\u00fdch gr\u00e9ckokatol\u00edckych veriacich b\u00fdvaj\u00facich v z\u00e1padnej Eur\u00f3pe vladyku Mari\u00e1na Andreja Pac\u00e1ka CSsR, emeritn\u00e9ho biskupa Apo\u0161tolsk\u00e9ho exarch\u00e1tu sv. Cyrila a Metoda v Toronte pre Slov\u00e1kov byzantsk\u00e9ho obradu. V tejto slu\u017ebe nahrad\u00ed vladyku Milana Lacha SJ, ktor\u00fd bol menovan\u00fd za nov\u00e9ho bratislavsk\u00e9ho eparchi\u00e1lneho biskupa. <\/p>\n<p><a href=\"https:\/\/www.vaticannews.va\/sk\/papez\/news\/2026-03\/papez-menoval-vladyku-pacaka-za-apostolskeho-vizitatora.html\">\u010c\u00edtaj cel\u00e9<\/a><\/p>\n<p>\u00a0<\/p>","protected":false},"excerpt":{"rendered":"<p>V piatok 13. marca Sv\u00e4t\u00e1 stolica informovala, \u017ee p\u00e1pe\u017e Lev XIV. menoval za apo\u0161tolsk\u00e9ho vizit\u00e1tora pre slovensk\u00fdch gr\u00e9ckokatol\u00edckych veriacich b\u00fdvaj\u00facich v z\u00e1padnej Eur\u00f3pe vladyku Mari\u00e1na Andreja Pac\u00e1ka CSsR, emeritn\u00e9ho biskupa Apo\u0161tolsk\u00e9ho exarch\u00e1tu sv. Cyrila a Metoda v Toronte pre Slov\u00e1kov byzantsk\u00e9ho obradu. V tejto slu\u017ebe nahrad\u00ed vladyku Milana Lacha SJ, ktor\u00fd bol menovan\u00fd za nov\u00e9ho [&hellip;]<\/p>\n","protected":false},"author":1,"featured_media":0,"comment_status":"closed","ping_status":"closed","sticky":false,"template":"","format":"standard","meta":{"ngg_post_thumbnail":0,"footnotes":""},"categories":[31],"tags":[],"class_list":["post-63170","post","type-post","status-publish","format-standard","hentry","category-spravy-z-vatikanu"],"views":5,"_links":{"self":[{"href":"https:\/\/www.farnost-strazske.sk\/index.php?rest_route=\/wp\/v2\/posts\/63170","targetHints":{"allow":["GET"]}}],"collection":[{"href":"https:\/\/www.farnost-strazske.sk\/index.php?rest_route=\/wp\/v2\/posts"}],"about":[{"href":"https:\/\/www.farnost-strazske.sk\/index.php?rest_route=\/wp\/v2\/types\/post"}],"author":[{"embeddable":true,"href":"https:\/\/www.farnost-strazske.sk\/index.php?rest_route=\/wp\/v2\/users\/1"}],"replies":[{"embeddable":true,"href":"https:\/\/www.farnost-strazske.sk\/index.php?rest_route=%2Fwp%2Fv2%2Fcomments&post=63170"}],"version-history":[{"count":0,"href":"https:\/\/www.farnost-strazske.sk\/index.php?rest_route=\/wp\/v2\/posts\/63170\/revisions"}],"wp:attachment":[{"href":"https:\/\/www.farnost-strazske.sk\/index.php?rest_route=%2Fwp%2Fv2%2Fmedia&parent=63170"}],"wp:term":[{"taxonomy":"category","embeddable":true,"href":"https:\/\/www.farnost-strazske.sk\/index.php?rest_route=%2Fwp%2Fv2%2Fcategories&post=63170"},{"taxonomy":"post_tag","embeddable":true,"href":"https:\/\/www.farnost-strazske.sk\/index.php?rest_route=%2Fwp%2Fv2%2Ftags&post=63170"}],"curies":[{"name":"wp","href":"https:\/\/api.w.org\/{rel}","templated":true}]}}