{"id":63186,"date":"2026-03-17T17:28:00","date_gmt":"2026-03-17T17:28:00","guid":{"rendered":"https:\/\/www.farnost-strazske.sk\/?p=63186"},"modified":"2026-03-17T17:28:00","modified_gmt":"2026-03-17T17:28:00","slug":"svata-zem-zatvorene-dvere-vyhasnuty-pohlad","status":"publish","type":"post","link":"https:\/\/www.farnost-strazske.sk\/?p=63186","title":{"rendered":"Sv\u00e4t\u00e1 zem &#8211; zatvoren\u00e9 dvere, vyhasnut\u00fd poh\u013ead"},"content":{"rendered":"<p>V Jeruzaleme je od 28. febru\u00e1ra zatvoren\u00e1 Bazilika Bo\u017eieho hrobu a nie je dovolen\u00e9 sl\u00e1vi\u0165 tam sv\u00e4t\u00e9 om\u0161e a liturgie. Konflikt na Bl\u00edzkom v\u00fdchode vytvoril atmosf\u00e9ru teroru, ktor\u00e1 sa odr\u00e1\u017ea v neust\u00e1lom strachu z druh\u00e9ho. Neust\u00e1ly tlak nebezpe\u010denstva a neistoty stavia m\u00fary, ktor\u00e9 nie s\u00fa vidite\u013en\u00e9 ani hmatate\u013en\u00e9. Ohrozen\u00e9 s\u00fa aj sl\u00e1venia Sv\u00e4t\u00e9ho t\u00fd\u017ed\u0148a.<\/p>\n<p><a href=\"https:\/\/www.vaticannews.va\/sk\/cirkev\/news\/2026-03\/svata-zem-zatvorene-dvere-vyhasnuty-pohlad.html\">\u010c\u00edtaj cel\u00e9<\/a><\/p>\n<p>\u00a0<\/p>","protected":false},"excerpt":{"rendered":"<p>V Jeruzaleme je od 28. febru\u00e1ra zatvoren\u00e1 Bazilika Bo\u017eieho hrobu a nie je dovolen\u00e9 sl\u00e1vi\u0165 tam sv\u00e4t\u00e9 om\u0161e a liturgie. Konflikt na Bl\u00edzkom v\u00fdchode vytvoril atmosf\u00e9ru teroru, ktor\u00e1 sa odr\u00e1\u017ea v neust\u00e1lom strachu z druh\u00e9ho. Neust\u00e1ly tlak nebezpe\u010denstva a neistoty stavia m\u00fary, ktor\u00e9 nie s\u00fa vidite\u013en\u00e9 ani hmatate\u013en\u00e9. Ohrozen\u00e9 s\u00fa aj sl\u00e1venia Sv\u00e4t\u00e9ho t\u00fd\u017ed\u0148a. \u010c\u00edtaj [&hellip;]<\/p>\n","protected":false},"author":1,"featured_media":0,"comment_status":"closed","ping_status":"closed","sticky":false,"template":"","format":"standard","meta":{"ngg_post_thumbnail":0,"footnotes":""},"categories":[31],"tags":[],"class_list":["post-63186","post","type-post","status-publish","format-standard","hentry","category-spravy-z-vatikanu"],"views":10,"_links":{"self":[{"href":"https:\/\/www.farnost-strazske.sk\/index.php?rest_route=\/wp\/v2\/posts\/63186","targetHints":{"allow":["GET"]}}],"collection":[{"href":"https:\/\/www.farnost-strazske.sk\/index.php?rest_route=\/wp\/v2\/posts"}],"about":[{"href":"https:\/\/www.farnost-strazske.sk\/index.php?rest_route=\/wp\/v2\/types\/post"}],"author":[{"embeddable":true,"href":"https:\/\/www.farnost-strazske.sk\/index.php?rest_route=\/wp\/v2\/users\/1"}],"replies":[{"embeddable":true,"href":"https:\/\/www.farnost-strazske.sk\/index.php?rest_route=%2Fwp%2Fv2%2Fcomments&post=63186"}],"version-history":[{"count":0,"href":"https:\/\/www.farnost-strazske.sk\/index.php?rest_route=\/wp\/v2\/posts\/63186\/revisions"}],"wp:attachment":[{"href":"https:\/\/www.farnost-strazske.sk\/index.php?rest_route=%2Fwp%2Fv2%2Fmedia&parent=63186"}],"wp:term":[{"taxonomy":"category","embeddable":true,"href":"https:\/\/www.farnost-strazske.sk\/index.php?rest_route=%2Fwp%2Fv2%2Fcategories&post=63186"},{"taxonomy":"post_tag","embeddable":true,"href":"https:\/\/www.farnost-strazske.sk\/index.php?rest_route=%2Fwp%2Fv2%2Ftags&post=63186"}],"curies":[{"name":"wp","href":"https:\/\/api.w.org\/{rel}","templated":true}]}}