{"id":63189,"date":"2026-03-17T11:33:00","date_gmt":"2026-03-17T11:33:00","guid":{"rendered":"https:\/\/www.farnost-strazske.sk\/?p=63189"},"modified":"2026-03-17T11:33:00","modified_gmt":"2026-03-17T11:33:00","slug":"papez-prevezme-medailu-slobody-za-svoje-usilie-v-oblasti-presadzovania-slobod","status":"publish","type":"post","link":"https:\/\/www.farnost-strazske.sk\/?p=63189","title":{"rendered":"P\u00e1pe\u017e prevezme Medailu slobody za svoje \u00fasilie v oblasti \u201epresadzovania slob\u00f4d\u201c"},"content":{"rendered":"<p>Ocenenie od americk\u00e9ho N\u00e1rodn\u00e9ho \u00fastavn\u00e9ho centra (National Constitution Center) bude udelen\u00e9 3. j\u00fala, v predve\u010der 250. v\u00fdro\u010dia zalo\u017eenia Spojen\u00fdch \u0161t\u00e1tov, po\u010das verejnej sl\u00e1vnosti vo Filadelfii. Lev XIV. prednesie svoj \u010fakovn\u00fd prejav na\u017eivo z Vatik\u00e1nu prostredn\u00edctvom virtu\u00e1lneho spojenia, ktor\u00e9 bude vysielan\u00e9 online. Riadite\u013e Tla\u010dov\u00e9ho strediska Sv\u00e4tej stolice Matteo Bruni: Lev XIV. je za ocenenie hlboko v\u010fa\u010dn\u00fd.<\/p>\n<p><a href=\"https:\/\/www.vaticannews.va\/sk\/papez\/news\/2026-03\/papez-prevezme-medailu-slobody-za-svoje-usilie-v-oblasti-presad.html\">\u010c\u00edtaj cel\u00e9<\/a><\/p>\n<p>\u00a0<\/p>","protected":false},"excerpt":{"rendered":"<p>Ocenenie od americk\u00e9ho N\u00e1rodn\u00e9ho \u00fastavn\u00e9ho centra (National Constitution Center) bude udelen\u00e9 3. j\u00fala, v predve\u010der 250. v\u00fdro\u010dia zalo\u017eenia Spojen\u00fdch \u0161t\u00e1tov, po\u010das verejnej sl\u00e1vnosti vo Filadelfii. Lev XIV. prednesie svoj \u010fakovn\u00fd prejav na\u017eivo z Vatik\u00e1nu prostredn\u00edctvom virtu\u00e1lneho spojenia, ktor\u00e9 bude vysielan\u00e9 online. Riadite\u013e Tla\u010dov\u00e9ho strediska Sv\u00e4tej stolice Matteo Bruni: Lev XIV. je za ocenenie hlboko v\u010fa\u010dn\u00fd. [&hellip;]<\/p>\n","protected":false},"author":1,"featured_media":0,"comment_status":"closed","ping_status":"closed","sticky":false,"template":"","format":"standard","meta":{"ngg_post_thumbnail":0,"footnotes":""},"categories":[31],"tags":[],"class_list":["post-63189","post","type-post","status-publish","format-standard","hentry","category-spravy-z-vatikanu"],"views":9,"_links":{"self":[{"href":"https:\/\/www.farnost-strazske.sk\/index.php?rest_route=\/wp\/v2\/posts\/63189","targetHints":{"allow":["GET"]}}],"collection":[{"href":"https:\/\/www.farnost-strazske.sk\/index.php?rest_route=\/wp\/v2\/posts"}],"about":[{"href":"https:\/\/www.farnost-strazske.sk\/index.php?rest_route=\/wp\/v2\/types\/post"}],"author":[{"embeddable":true,"href":"https:\/\/www.farnost-strazske.sk\/index.php?rest_route=\/wp\/v2\/users\/1"}],"replies":[{"embeddable":true,"href":"https:\/\/www.farnost-strazske.sk\/index.php?rest_route=%2Fwp%2Fv2%2Fcomments&post=63189"}],"version-history":[{"count":0,"href":"https:\/\/www.farnost-strazske.sk\/index.php?rest_route=\/wp\/v2\/posts\/63189\/revisions"}],"wp:attachment":[{"href":"https:\/\/www.farnost-strazske.sk\/index.php?rest_route=%2Fwp%2Fv2%2Fmedia&parent=63189"}],"wp:term":[{"taxonomy":"category","embeddable":true,"href":"https:\/\/www.farnost-strazske.sk\/index.php?rest_route=%2Fwp%2Fv2%2Fcategories&post=63189"},{"taxonomy":"post_tag","embeddable":true,"href":"https:\/\/www.farnost-strazske.sk\/index.php?rest_route=%2Fwp%2Fv2%2Ftags&post=63189"}],"curies":[{"name":"wp","href":"https:\/\/api.w.org\/{rel}","templated":true}]}}