{"id":63191,"date":"2026-03-18T11:45:00","date_gmt":"2026-03-18T11:45:00","guid":{"rendered":"https:\/\/www.farnost-strazske.sk\/?p=63191"},"modified":"2026-03-18T11:45:00","modified_gmt":"2026-03-18T11:45:00","slug":"papez-starat-sa-o-ludskost-druheho-pomaha-zit-tu-vlastnu","status":"publish","type":"post","link":"https:\/\/www.farnost-strazske.sk\/?p=63191","title":{"rendered":"P\u00e1pe\u017e: Stara\u0165 sa o \u013eudskos\u0165 druh\u00e9ho pom\u00e1ha \u017ei\u0165 t\u00fa vlastn\u00fa"},"content":{"rendered":"<p>\u010coraz menej \u013eud\u00ed m\u00e1 pr\u00edstup k lie\u010dbe, univerz\u00e1lne zdravotn\u00e9 pokrytie je mor\u00e1lnou povinnos\u0165ou spravodliv\u00fdch spolo\u010dnost\u00ed, povedal p\u00e1pe\u017e v pr\u00edhovore \u00fa\u010dastn\u00edkom symp\u00f3zia s n\u00e1zvom: \u201eKto je dnes m\u00f4j bl\u00ed\u017eny?\u201c, ktor\u00fdch prijal v stredu 18. marca. Lev XIV. upozornil aj na potrebu venova\u0165 pozornos\u0165 du\u0161evn\u00e9mu zdraviu mlad\u00fdch i \u013eudom, ktor\u00ed s\u00fa vyl\u00fa\u010den\u00ed \u010di osamel\u00ed. Cirkvi v Eur\u00f3pe v tomto m\u00f4\u017eu zohra\u0165 d\u00f4le\u017eit\u00fa \u00falohu, kon\u0161tatoval Sv\u00e4t\u00fd Otec.<\/p>\n<p><a href=\"https:\/\/www.vaticannews.va\/sk\/papez\/news\/2026-03\/papez-starat-sa-o-ludskost-druheho-pomaha-zit-tu-vlastnu.html\">\u010c\u00edtaj cel\u00e9<\/a><\/p>\n<p>\u00a0<\/p>","protected":false},"excerpt":{"rendered":"<p>\u010coraz menej \u013eud\u00ed m\u00e1 pr\u00edstup k lie\u010dbe, univerz\u00e1lne zdravotn\u00e9 pokrytie je mor\u00e1lnou povinnos\u0165ou spravodliv\u00fdch spolo\u010dnost\u00ed, povedal p\u00e1pe\u017e v pr\u00edhovore \u00fa\u010dastn\u00edkom symp\u00f3zia s n\u00e1zvom: \u201eKto je dnes m\u00f4j bl\u00ed\u017eny?\u201c, ktor\u00fdch prijal v stredu 18. marca. Lev XIV. upozornil aj na potrebu venova\u0165 pozornos\u0165 du\u0161evn\u00e9mu zdraviu mlad\u00fdch i \u013eudom, ktor\u00ed s\u00fa vyl\u00fa\u010den\u00ed \u010di osamel\u00ed. Cirkvi v Eur\u00f3pe [&hellip;]<\/p>\n","protected":false},"author":1,"featured_media":0,"comment_status":"closed","ping_status":"closed","sticky":false,"template":"","format":"standard","meta":{"ngg_post_thumbnail":0,"footnotes":""},"categories":[31],"tags":[],"class_list":["post-63191","post","type-post","status-publish","format-standard","hentry","category-spravy-z-vatikanu"],"views":7,"_links":{"self":[{"href":"https:\/\/www.farnost-strazske.sk\/index.php?rest_route=\/wp\/v2\/posts\/63191","targetHints":{"allow":["GET"]}}],"collection":[{"href":"https:\/\/www.farnost-strazske.sk\/index.php?rest_route=\/wp\/v2\/posts"}],"about":[{"href":"https:\/\/www.farnost-strazske.sk\/index.php?rest_route=\/wp\/v2\/types\/post"}],"author":[{"embeddable":true,"href":"https:\/\/www.farnost-strazske.sk\/index.php?rest_route=\/wp\/v2\/users\/1"}],"replies":[{"embeddable":true,"href":"https:\/\/www.farnost-strazske.sk\/index.php?rest_route=%2Fwp%2Fv2%2Fcomments&post=63191"}],"version-history":[{"count":0,"href":"https:\/\/www.farnost-strazske.sk\/index.php?rest_route=\/wp\/v2\/posts\/63191\/revisions"}],"wp:attachment":[{"href":"https:\/\/www.farnost-strazske.sk\/index.php?rest_route=%2Fwp%2Fv2%2Fmedia&parent=63191"}],"wp:term":[{"taxonomy":"category","embeddable":true,"href":"https:\/\/www.farnost-strazske.sk\/index.php?rest_route=%2Fwp%2Fv2%2Fcategories&post=63191"},{"taxonomy":"post_tag","embeddable":true,"href":"https:\/\/www.farnost-strazske.sk\/index.php?rest_route=%2Fwp%2Fv2%2Ftags&post=63191"}],"curies":[{"name":"wp","href":"https:\/\/api.w.org\/{rel}","templated":true}]}}