{"id":63192,"date":"2026-03-18T11:10:00","date_gmt":"2026-03-18T11:10:00","guid":{"rendered":"https:\/\/www.farnost-strazske.sk\/?p=63192"},"modified":"2026-03-18T11:10:00","modified_gmt":"2026-03-18T11:10:00","slug":"katecheza-leva-xiv-cirkev-ako-knazsky-a-prorocky-lud","status":"publish","type":"post","link":"https:\/\/www.farnost-strazske.sk\/?p=63192","title":{"rendered":"Katech\u00e9za Leva XIV.: Cirkev ako k\u0148azsk\u00fd a prorock\u00fd \u013eud"},"content":{"rendered":"<p>V katech\u00e9ze po\u010das gener\u00e1lnej audiencie v stredu 18. marca p\u00e1pe\u017e Lev XIV. pokra\u010doval v cykle o Dokumentoch druh\u00e9ho vatik\u00e1nskeho koncilu, konkr\u00e9tne o Dogmatickej kon\u0161tit\u00facii Lumen gentium. Tentokr\u00e1t sa zameral na Cirkev ako na k\u0148azsk\u00fd a prorock\u00fd \u013eud. \u201ePrebu\u010fme v sebe povedomie a v\u010fa\u010dnos\u0165 za to, \u017ee sme dostali dar by\u0165 s\u00fa\u010das\u0165ou Bo\u017eieho \u013eudu, a tie\u017e zodpovednos\u0165, ktor\u00fa to so sebou prin\u00e1\u0161a\u201c, vyzval Sv\u00e4t\u00fd Otec a pripomenul, \u017ee \u201eka\u017ed\u00fd pokrsten\u00fd je akt\u00edvnym subjektom evanjeliz\u00e1cie\u201c.<\/p>\n<p><a href=\"https:\/\/www.vaticannews.va\/sk\/papez\/news\/2026-03\/katecheza-leva-xiv-cirkev-ako-knazsky-a-prorocky-lud.html\">\u010c\u00edtaj cel\u00e9<\/a><\/p>\n<p>\u00a0<\/p>","protected":false},"excerpt":{"rendered":"<p>V katech\u00e9ze po\u010das gener\u00e1lnej audiencie v stredu 18. marca p\u00e1pe\u017e Lev XIV. pokra\u010doval v cykle o Dokumentoch druh\u00e9ho vatik\u00e1nskeho koncilu, konkr\u00e9tne o Dogmatickej kon\u0161tit\u00facii Lumen gentium. Tentokr\u00e1t sa zameral na Cirkev ako na k\u0148azsk\u00fd a prorock\u00fd \u013eud. \u201ePrebu\u010fme v sebe povedomie a v\u010fa\u010dnos\u0165 za to, \u017ee sme dostali dar by\u0165 s\u00fa\u010das\u0165ou Bo\u017eieho \u013eudu, a tie\u017e [&hellip;]<\/p>\n","protected":false},"author":1,"featured_media":0,"comment_status":"closed","ping_status":"closed","sticky":false,"template":"","format":"standard","meta":{"ngg_post_thumbnail":0,"footnotes":""},"categories":[31],"tags":[],"class_list":["post-63192","post","type-post","status-publish","format-standard","hentry","category-spravy-z-vatikanu"],"views":13,"_links":{"self":[{"href":"https:\/\/www.farnost-strazske.sk\/index.php?rest_route=\/wp\/v2\/posts\/63192","targetHints":{"allow":["GET"]}}],"collection":[{"href":"https:\/\/www.farnost-strazske.sk\/index.php?rest_route=\/wp\/v2\/posts"}],"about":[{"href":"https:\/\/www.farnost-strazske.sk\/index.php?rest_route=\/wp\/v2\/types\/post"}],"author":[{"embeddable":true,"href":"https:\/\/www.farnost-strazske.sk\/index.php?rest_route=\/wp\/v2\/users\/1"}],"replies":[{"embeddable":true,"href":"https:\/\/www.farnost-strazske.sk\/index.php?rest_route=%2Fwp%2Fv2%2Fcomments&post=63192"}],"version-history":[{"count":0,"href":"https:\/\/www.farnost-strazske.sk\/index.php?rest_route=\/wp\/v2\/posts\/63192\/revisions"}],"wp:attachment":[{"href":"https:\/\/www.farnost-strazske.sk\/index.php?rest_route=%2Fwp%2Fv2%2Fmedia&parent=63192"}],"wp:term":[{"taxonomy":"category","embeddable":true,"href":"https:\/\/www.farnost-strazske.sk\/index.php?rest_route=%2Fwp%2Fv2%2Fcategories&post=63192"},{"taxonomy":"post_tag","embeddable":true,"href":"https:\/\/www.farnost-strazske.sk\/index.php?rest_route=%2Fwp%2Fv2%2Ftags&post=63192"}],"curies":[{"name":"wp","href":"https:\/\/api.w.org\/{rel}","templated":true}]}}