{"id":63363,"date":"2026-04-25T15:51:00","date_gmt":"2026-04-25T15:51:00","guid":{"rendered":"https:\/\/www.farnost-strazske.sk\/?p=63363"},"modified":"2026-04-25T15:51:00","modified_gmt":"2026-04-25T15:51:00","slug":"lev-xiv-ucitelia-nabozenstva-pomahaju-mladym-objavovat-hlas-vlastneho-srdca","status":"publish","type":"post","link":"https:\/\/www.farnost-strazske.sk\/?p=63363","title":{"rendered":"Lev XIV.: U\u010ditelia n\u00e1bo\u017eenstva pom\u00e1haj\u00fa mlad\u00fdm objavova\u0165 hlas vlastn\u00e9ho srdca"},"content":{"rendered":"<p>V sobotu 25. apr\u00edla prijal p\u00e1pe\u017e Lev XIV. \u00fa\u010dastn\u00edkov talianskeho n\u00e1rodn\u00e9ho stretnutia u\u010dite\u013eov katol\u00edckeho n\u00e1bo\u017eenstva. Vo svojom pr\u00edhovore Sv\u00e4t\u00fd Otec zd\u00f4raznil, \u017ee n\u00e1bo\u017eensk\u00e1 dimenzia patr\u00ed k z\u00e1kladn\u00fdm prvkom \u013eudskej sk\u00fasenosti a nem\u00f4\u017ee by\u0165 vytl\u00e1\u010dan\u00e1 na okraj form\u00e1cie mlad\u00fdch. U\u010dite\u013eov povzbudil, aby boli sprievodcami vn\u00fatorn\u00e9ho h\u013eadania pravdy a svedkami vierohodn\u00e9ho dial\u00f3gu medzi vierou a rozumom.<\/p>\n<p><a href=\"https:\/\/www.vaticannews.va\/sk\/papez\/news\/2026-04\/lev-xiv-ucitelia-nabozenstva-pomahaju-mladym-objavovat-hlas.html\">\u010c\u00edtaj cel\u00e9<\/a><\/p>\n<p>\u00a0<\/p>","protected":false},"excerpt":{"rendered":"<p>V sobotu 25. apr\u00edla prijal p\u00e1pe\u017e Lev XIV. \u00fa\u010dastn\u00edkov talianskeho n\u00e1rodn\u00e9ho stretnutia u\u010dite\u013eov katol\u00edckeho n\u00e1bo\u017eenstva. Vo svojom pr\u00edhovore Sv\u00e4t\u00fd Otec zd\u00f4raznil, \u017ee n\u00e1bo\u017eensk\u00e1 dimenzia patr\u00ed k z\u00e1kladn\u00fdm prvkom \u013eudskej sk\u00fasenosti a nem\u00f4\u017ee by\u0165 vytl\u00e1\u010dan\u00e1 na okraj form\u00e1cie mlad\u00fdch. U\u010dite\u013eov povzbudil, aby boli sprievodcami vn\u00fatorn\u00e9ho h\u013eadania pravdy a svedkami vierohodn\u00e9ho dial\u00f3gu medzi vierou a rozumom. \u010c\u00edtaj [&hellip;]<\/p>\n","protected":false},"author":1,"featured_media":0,"comment_status":"closed","ping_status":"closed","sticky":false,"template":"","format":"standard","meta":{"ngg_post_thumbnail":0,"footnotes":""},"categories":[31],"tags":[],"class_list":["post-63363","post","type-post","status-publish","format-standard","hentry","category-spravy-z-vatikanu"],"views":2,"_links":{"self":[{"href":"https:\/\/www.farnost-strazske.sk\/index.php?rest_route=\/wp\/v2\/posts\/63363","targetHints":{"allow":["GET"]}}],"collection":[{"href":"https:\/\/www.farnost-strazske.sk\/index.php?rest_route=\/wp\/v2\/posts"}],"about":[{"href":"https:\/\/www.farnost-strazske.sk\/index.php?rest_route=\/wp\/v2\/types\/post"}],"author":[{"embeddable":true,"href":"https:\/\/www.farnost-strazske.sk\/index.php?rest_route=\/wp\/v2\/users\/1"}],"replies":[{"embeddable":true,"href":"https:\/\/www.farnost-strazske.sk\/index.php?rest_route=%2Fwp%2Fv2%2Fcomments&post=63363"}],"version-history":[{"count":0,"href":"https:\/\/www.farnost-strazske.sk\/index.php?rest_route=\/wp\/v2\/posts\/63363\/revisions"}],"wp:attachment":[{"href":"https:\/\/www.farnost-strazske.sk\/index.php?rest_route=%2Fwp%2Fv2%2Fmedia&parent=63363"}],"wp:term":[{"taxonomy":"category","embeddable":true,"href":"https:\/\/www.farnost-strazske.sk\/index.php?rest_route=%2Fwp%2Fv2%2Fcategories&post=63363"},{"taxonomy":"post_tag","embeddable":true,"href":"https:\/\/www.farnost-strazske.sk\/index.php?rest_route=%2Fwp%2Fv2%2Ftags&post=63363"}],"curies":[{"name":"wp","href":"https:\/\/api.w.org\/{rel}","templated":true}]}}