{"id":63364,"date":"2026-04-25T15:47:00","date_gmt":"2026-04-25T15:47:00","guid":{"rendered":"https:\/\/www.farnost-strazske.sk\/?p=63364"},"modified":"2026-04-25T15:47:00","modified_gmt":"2026-04-25T15:47:00","slug":"papez-lev-xiv-navstivi-paviu-a-santangelo-lodigiano-stretnutie-s-chorymi-detmi-modlitba-pri-relikviach-sv-augustina-a-vecerne-stretnutie-s-veriacimi","status":"publish","type":"post","link":"https:\/\/www.farnost-strazske.sk\/?p=63364","title":{"rendered":"P\u00e1pe\u017e Lev XIV. nav\u0161t\u00edvi P\u00e1viu a Sant\u2019Angelo Lodigiano: stretnutie s chor\u00fdmi de\u0165mi, modlitba pri relikvi\u00e1ch sv. August\u00edna a ve\u010dern\u00e9 stretnutie s veriacimi"},"content":{"rendered":"<p>Vatik\u00e1n zverejnil program pastora\u010dnej n\u00e1v\u0161tevy p\u00e1pe\u017ea Leva XIV. v P\u00e1vii a Sant\u2019Angelo Lodigiano 20. j\u00fana. Popolud\u0148aj\u0161ia cesta spoj\u00ed n\u00e1v\u0161tevu onkologick\u00e9ho centra pre detsk\u00fdch pacientov, modlitbu pri relikvi\u00e1ch sv. August\u00edna a stretnutia s miestnymi cirkevn\u00fdmi spolo\u010denstvami i obyvate\u013emi miest Lombardska.<\/p>\n<p><a href=\"https:\/\/www.vaticannews.va\/sk\/papez\/news\/2026-04\/papez-lev-xiv-navstivi-paviu-a-sant-angelo-lodigiano.html\">\u010c\u00edtaj cel\u00e9<\/a><\/p>\n<p>\u00a0<\/p>","protected":false},"excerpt":{"rendered":"<p>Vatik\u00e1n zverejnil program pastora\u010dnej n\u00e1v\u0161tevy p\u00e1pe\u017ea Leva XIV. v P\u00e1vii a Sant\u2019Angelo Lodigiano 20. j\u00fana. Popolud\u0148aj\u0161ia cesta spoj\u00ed n\u00e1v\u0161tevu onkologick\u00e9ho centra pre detsk\u00fdch pacientov, modlitbu pri relikvi\u00e1ch sv. August\u00edna a stretnutia s miestnymi cirkevn\u00fdmi spolo\u010denstvami i obyvate\u013emi miest Lombardska. \u010c\u00edtaj cel\u00e9 \u00a0<\/p>\n","protected":false},"author":1,"featured_media":0,"comment_status":"closed","ping_status":"closed","sticky":false,"template":"","format":"standard","meta":{"ngg_post_thumbnail":0,"footnotes":""},"categories":[31],"tags":[],"class_list":["post-63364","post","type-post","status-publish","format-standard","hentry","category-spravy-z-vatikanu"],"views":2,"_links":{"self":[{"href":"https:\/\/www.farnost-strazske.sk\/index.php?rest_route=\/wp\/v2\/posts\/63364","targetHints":{"allow":["GET"]}}],"collection":[{"href":"https:\/\/www.farnost-strazske.sk\/index.php?rest_route=\/wp\/v2\/posts"}],"about":[{"href":"https:\/\/www.farnost-strazske.sk\/index.php?rest_route=\/wp\/v2\/types\/post"}],"author":[{"embeddable":true,"href":"https:\/\/www.farnost-strazske.sk\/index.php?rest_route=\/wp\/v2\/users\/1"}],"replies":[{"embeddable":true,"href":"https:\/\/www.farnost-strazske.sk\/index.php?rest_route=%2Fwp%2Fv2%2Fcomments&post=63364"}],"version-history":[{"count":0,"href":"https:\/\/www.farnost-strazske.sk\/index.php?rest_route=\/wp\/v2\/posts\/63364\/revisions"}],"wp:attachment":[{"href":"https:\/\/www.farnost-strazske.sk\/index.php?rest_route=%2Fwp%2Fv2%2Fmedia&parent=63364"}],"wp:term":[{"taxonomy":"category","embeddable":true,"href":"https:\/\/www.farnost-strazske.sk\/index.php?rest_route=%2Fwp%2Fv2%2Fcategories&post=63364"},{"taxonomy":"post_tag","embeddable":true,"href":"https:\/\/www.farnost-strazske.sk\/index.php?rest_route=%2Fwp%2Fv2%2Ftags&post=63364"}],"curies":[{"name":"wp","href":"https:\/\/api.w.org\/{rel}","templated":true}]}}