{"id":63365,"date":"2026-04-25T15:45:00","date_gmt":"2026-04-25T15:45:00","guid":{"rendered":"https:\/\/www.farnost-strazske.sk\/?p=63365"},"modified":"2026-04-25T15:45:00","modified_gmt":"2026-04-25T15:45:00","slug":"papez-lev-xiv-navstivi-acerru-stretnutie-s-obyvatelmi-zeme-ohnov-poznacenej-ekologickou-krizou","status":"publish","type":"post","link":"https:\/\/www.farnost-strazske.sk\/?p=63365","title":{"rendered":"P\u00e1pe\u017e Lev XIV. nav\u0161t\u00edvi Acerru: stretnutie s obyvate\u013emi \u201eZeme oh\u0148ov\u201c pozna\u010denej ekologickou kr\u00edzou"},"content":{"rendered":"<p>Vatik\u00e1n ozn\u00e1mil program pastora\u010dnej n\u00e1v\u0161tevy p\u00e1pe\u017ea Leva XIV. do mesta Acerra pri Neapole, kde sa 23. m\u00e1ja stretne s rodinami obet\u00ed environment\u00e1lneho zne\u010distenia, miestnymi samospr\u00e1vami i veriacimi z oblasti zn\u00e1mej ako \u201eTerra dei Fuochi\u201c (Zem oh\u0148ov). N\u00e1v\u0161teva bude ma\u0165 v\u00fdrazn\u00fd soci\u00e1lny a ekologick\u00fd rozmer.<\/p>\n<p><a href=\"https:\/\/www.vaticannews.va\/sk\/papez\/news\/2026-04\/papez-lev-xiv-navstivi-acerru-stretnutie-s-obyvatelmi-zeme-oh.html\">\u010c\u00edtaj cel\u00e9<\/a><\/p>\n<p>\u00a0<\/p>","protected":false},"excerpt":{"rendered":"<p>Vatik\u00e1n ozn\u00e1mil program pastora\u010dnej n\u00e1v\u0161tevy p\u00e1pe\u017ea Leva XIV. do mesta Acerra pri Neapole, kde sa 23. m\u00e1ja stretne s rodinami obet\u00ed environment\u00e1lneho zne\u010distenia, miestnymi samospr\u00e1vami i veriacimi z oblasti zn\u00e1mej ako \u201eTerra dei Fuochi\u201c (Zem oh\u0148ov). N\u00e1v\u0161teva bude ma\u0165 v\u00fdrazn\u00fd soci\u00e1lny a ekologick\u00fd rozmer. \u010c\u00edtaj cel\u00e9 \u00a0<\/p>\n","protected":false},"author":1,"featured_media":0,"comment_status":"closed","ping_status":"closed","sticky":false,"template":"","format":"standard","meta":{"ngg_post_thumbnail":0,"footnotes":""},"categories":[31],"tags":[],"class_list":["post-63365","post","type-post","status-publish","format-standard","hentry","category-spravy-z-vatikanu"],"views":2,"_links":{"self":[{"href":"https:\/\/www.farnost-strazske.sk\/index.php?rest_route=\/wp\/v2\/posts\/63365","targetHints":{"allow":["GET"]}}],"collection":[{"href":"https:\/\/www.farnost-strazske.sk\/index.php?rest_route=\/wp\/v2\/posts"}],"about":[{"href":"https:\/\/www.farnost-strazske.sk\/index.php?rest_route=\/wp\/v2\/types\/post"}],"author":[{"embeddable":true,"href":"https:\/\/www.farnost-strazske.sk\/index.php?rest_route=\/wp\/v2\/users\/1"}],"replies":[{"embeddable":true,"href":"https:\/\/www.farnost-strazske.sk\/index.php?rest_route=%2Fwp%2Fv2%2Fcomments&post=63365"}],"version-history":[{"count":0,"href":"https:\/\/www.farnost-strazske.sk\/index.php?rest_route=\/wp\/v2\/posts\/63365\/revisions"}],"wp:attachment":[{"href":"https:\/\/www.farnost-strazske.sk\/index.php?rest_route=%2Fwp%2Fv2%2Fmedia&parent=63365"}],"wp:term":[{"taxonomy":"category","embeddable":true,"href":"https:\/\/www.farnost-strazske.sk\/index.php?rest_route=%2Fwp%2Fv2%2Fcategories&post=63365"},{"taxonomy":"post_tag","embeddable":true,"href":"https:\/\/www.farnost-strazske.sk\/index.php?rest_route=%2Fwp%2Fv2%2Ftags&post=63365"}],"curies":[{"name":"wp","href":"https:\/\/api.w.org\/{rel}","templated":true}]}}