{"id":63366,"date":"2026-04-25T15:42:00","date_gmt":"2026-04-25T15:42:00","guid":{"rendered":"https:\/\/www.farnost-strazske.sk\/?p=63366"},"modified":"2026-04-25T15:42:00","modified_gmt":"2026-04-25T15:42:00","slug":"papez-lev-xiv-navstivi-lampedusu-navrat-na-ostrov-migrantov-v","status":"publish","type":"post","link":"https:\/\/www.farnost-strazske.sk\/?p=63366","title":{"rendered":"P\u00e1pe\u017e Lev XIV. nav\u0161t\u00edvi Lampedusu: n\u00e1vrat na ostrov migrantov v"},"content":{"rendered":"<p>Vatik\u00e1n v sobotu 25. apr\u00edla zverejnil program pastora\u010dnej n\u00e1v\u0161tevy p\u00e1pe\u017ea Leva XIV. na ostrove Lampedusa. N\u00e1v\u0161teva 4. j\u00fala bude ma\u0165 v\u00fdrazne symbolick\u00fd charakter: zah\u0155\u0148a modlitbu na cintor\u00edne, zastavenie pri pam\u00e4tn\u00edku \u201eBr\u00e1na Eur\u00f3py\u201c, stretnutie s migrantmi a sl\u00e1venie sv\u00e4tej om\u0161e s obrazom Panny M\u00e1rie z Portosalva.<\/p>\n<p><a href=\"https:\/\/www.vaticannews.va\/sk\/papez\/news\/2026-04\/papez-lev-xiv-navstivi-lampedusu-navrat-na-ostrov-migrantov-v.html\">\u010c\u00edtaj cel\u00e9<\/a><\/p>\n<p>\u00a0<\/p>","protected":false},"excerpt":{"rendered":"<p>Vatik\u00e1n v sobotu 25. apr\u00edla zverejnil program pastora\u010dnej n\u00e1v\u0161tevy p\u00e1pe\u017ea Leva XIV. na ostrove Lampedusa. N\u00e1v\u0161teva 4. j\u00fala bude ma\u0165 v\u00fdrazne symbolick\u00fd charakter: zah\u0155\u0148a modlitbu na cintor\u00edne, zastavenie pri pam\u00e4tn\u00edku \u201eBr\u00e1na Eur\u00f3py\u201c, stretnutie s migrantmi a sl\u00e1venie sv\u00e4tej om\u0161e s obrazom Panny M\u00e1rie z Portosalva. \u010c\u00edtaj cel\u00e9 \u00a0<\/p>\n","protected":false},"author":1,"featured_media":0,"comment_status":"closed","ping_status":"closed","sticky":false,"template":"","format":"standard","meta":{"ngg_post_thumbnail":0,"footnotes":""},"categories":[31],"tags":[],"class_list":["post-63366","post","type-post","status-publish","format-standard","hentry","category-spravy-z-vatikanu"],"views":4,"_links":{"self":[{"href":"https:\/\/www.farnost-strazske.sk\/index.php?rest_route=\/wp\/v2\/posts\/63366","targetHints":{"allow":["GET"]}}],"collection":[{"href":"https:\/\/www.farnost-strazske.sk\/index.php?rest_route=\/wp\/v2\/posts"}],"about":[{"href":"https:\/\/www.farnost-strazske.sk\/index.php?rest_route=\/wp\/v2\/types\/post"}],"author":[{"embeddable":true,"href":"https:\/\/www.farnost-strazske.sk\/index.php?rest_route=\/wp\/v2\/users\/1"}],"replies":[{"embeddable":true,"href":"https:\/\/www.farnost-strazske.sk\/index.php?rest_route=%2Fwp%2Fv2%2Fcomments&post=63366"}],"version-history":[{"count":0,"href":"https:\/\/www.farnost-strazske.sk\/index.php?rest_route=\/wp\/v2\/posts\/63366\/revisions"}],"wp:attachment":[{"href":"https:\/\/www.farnost-strazske.sk\/index.php?rest_route=%2Fwp%2Fv2%2Fmedia&parent=63366"}],"wp:term":[{"taxonomy":"category","embeddable":true,"href":"https:\/\/www.farnost-strazske.sk\/index.php?rest_route=%2Fwp%2Fv2%2Fcategories&post=63366"},{"taxonomy":"post_tag","embeddable":true,"href":"https:\/\/www.farnost-strazske.sk\/index.php?rest_route=%2Fwp%2Fv2%2Ftags&post=63366"}],"curies":[{"name":"wp","href":"https:\/\/api.w.org\/{rel}","templated":true}]}}