{"id":63369,"date":"2026-04-26T16:00:00","date_gmt":"2026-04-26T16:00:00","guid":{"rendered":"https:\/\/www.farnost-strazske.sk\/?p=63369"},"modified":"2026-04-26T16:00:00","modified_gmt":"2026-04-26T16:00:00","slug":"lev-xiv-pri-vyroci-cernobyla-jadrova-energia-musi-sluzit-zivotu-a-pokoju","status":"publish","type":"post","link":"https:\/\/www.farnost-strazske.sk\/?p=63369","title":{"rendered":"Lev XIV. pri v\u00fdro\u010d\u00ed \u010cernoby\u013ea: Jadrov\u00e1 energia mus\u00ed sl\u00fa\u017ei\u0165 \u017eivotu a pokoju"},"content":{"rendered":"<p>Pri pr\u00edle\u017eitosti 40. v\u00fdro\u010dia tragickej hav\u00e1rie v \u010cernobyle si p\u00e1pe\u017e Lev XIV. pripomenul jej d\u00f4sledky pre cel\u00e9 \u013eudstvo a vyzval k zodpovedn\u00e9mu vyu\u017e\u00edvaniu jadrovej energie. Po modlitbe zveril obete Bo\u017eiemu milosrdenstvu a povzbudil veriacich, aby sprev\u00e1dzali modlitbou aj novok\u0148azov R\u00edmskej diec\u00e9zy, ktor\u00fdch vysv\u00e4til dopoludnia v Bazilike sv. Petra.<\/p>\n<p><a href=\"https:\/\/www.vaticannews.va\/sk\/papez\/news\/2026-04\/lev-xiv-pri-vyroci-cernobyla-jadrova-energia-musi-sluzit-zivot.html\">\u010c\u00edtaj cel\u00e9<\/a><\/p>\n<p>\u00a0<\/p>","protected":false},"excerpt":{"rendered":"<p>Pri pr\u00edle\u017eitosti 40. v\u00fdro\u010dia tragickej hav\u00e1rie v \u010cernobyle si p\u00e1pe\u017e Lev XIV. pripomenul jej d\u00f4sledky pre cel\u00e9 \u013eudstvo a vyzval k zodpovedn\u00e9mu vyu\u017e\u00edvaniu jadrovej energie. Po modlitbe zveril obete Bo\u017eiemu milosrdenstvu a povzbudil veriacich, aby sprev\u00e1dzali modlitbou aj novok\u0148azov R\u00edmskej diec\u00e9zy, ktor\u00fdch vysv\u00e4til dopoludnia v Bazilike sv. Petra. \u010c\u00edtaj cel\u00e9 \u00a0<\/p>\n","protected":false},"author":1,"featured_media":0,"comment_status":"closed","ping_status":"closed","sticky":false,"template":"","format":"standard","meta":{"ngg_post_thumbnail":0,"footnotes":""},"categories":[31],"tags":[],"class_list":["post-63369","post","type-post","status-publish","format-standard","hentry","category-spravy-z-vatikanu"],"views":2,"_links":{"self":[{"href":"https:\/\/www.farnost-strazske.sk\/index.php?rest_route=\/wp\/v2\/posts\/63369","targetHints":{"allow":["GET"]}}],"collection":[{"href":"https:\/\/www.farnost-strazske.sk\/index.php?rest_route=\/wp\/v2\/posts"}],"about":[{"href":"https:\/\/www.farnost-strazske.sk\/index.php?rest_route=\/wp\/v2\/types\/post"}],"author":[{"embeddable":true,"href":"https:\/\/www.farnost-strazske.sk\/index.php?rest_route=\/wp\/v2\/users\/1"}],"replies":[{"embeddable":true,"href":"https:\/\/www.farnost-strazske.sk\/index.php?rest_route=%2Fwp%2Fv2%2Fcomments&post=63369"}],"version-history":[{"count":0,"href":"https:\/\/www.farnost-strazske.sk\/index.php?rest_route=\/wp\/v2\/posts\/63369\/revisions"}],"wp:attachment":[{"href":"https:\/\/www.farnost-strazske.sk\/index.php?rest_route=%2Fwp%2Fv2%2Fmedia&parent=63369"}],"wp:term":[{"taxonomy":"category","embeddable":true,"href":"https:\/\/www.farnost-strazske.sk\/index.php?rest_route=%2Fwp%2Fv2%2Fcategories&post=63369"},{"taxonomy":"post_tag","embeddable":true,"href":"https:\/\/www.farnost-strazske.sk\/index.php?rest_route=%2Fwp%2Fv2%2Ftags&post=63369"}],"curies":[{"name":"wp","href":"https:\/\/api.w.org\/{rel}","templated":true}]}}