{"id":63370,"date":"2026-04-26T13:58:00","date_gmt":"2026-04-26T13:58:00","guid":{"rendered":"https:\/\/www.farnost-strazske.sk\/?p=63370"},"modified":"2026-04-26T13:58:00","modified_gmt":"2026-04-26T13:58:00","slug":"regina-caeli-dobry-pastier-neprichadza-vziat-zivot-ale-darovat","status":"publish","type":"post","link":"https:\/\/www.farnost-strazske.sk\/?p=63370","title":{"rendered":"Regina Caeli: Dobr\u00fd Pastier neprich\u00e1dza vzia\u0165 \u017eivot, ale darova\u0165"},"content":{"rendered":"<p>Po\u010das modlitby Raduj sa, nebies Kr\u00e1\u013eovn\u00e1 p\u00e1pe\u017e Lev XIV. pripomenul, \u017ee Je\u017ei\u0161 je pastier, ktor\u00fd pozn\u00e1 svojich a vedie ich po ceste \u017eivota. Varoval pred \u201ezlodejmi\u201c slobody a d\u00f4stojnosti \u2013 predsudkami, konzumn\u00fdm zm\u00fd\u0161\u013ean\u00edm i n\u00e1sil\u00edm vo svete \u2013 a vyzval veriacich, aby bdeli nad \u201eohradou svojho srdca\u201c a d\u00f4verovali Kristovi, ktor\u00fd \u017eivot neuber\u00e1, ale rozmno\u017euje.<\/p>\n<p><a href=\"https:\/\/www.vaticannews.va\/sk\/papez\/news\/2026-04\/regina-caeli-dobry-pastier-neprichadza-vziat-zivot-ale-darovat.html\">\u010c\u00edtaj cel\u00e9<\/a><\/p>\n<p>\u00a0<\/p>","protected":false},"excerpt":{"rendered":"<p>Po\u010das modlitby Raduj sa, nebies Kr\u00e1\u013eovn\u00e1 p\u00e1pe\u017e Lev XIV. pripomenul, \u017ee Je\u017ei\u0161 je pastier, ktor\u00fd pozn\u00e1 svojich a vedie ich po ceste \u017eivota. Varoval pred \u201ezlodejmi\u201c slobody a d\u00f4stojnosti \u2013 predsudkami, konzumn\u00fdm zm\u00fd\u0161\u013ean\u00edm i n\u00e1sil\u00edm vo svete \u2013 a vyzval veriacich, aby bdeli nad \u201eohradou svojho srdca\u201c a d\u00f4verovali Kristovi, ktor\u00fd \u017eivot neuber\u00e1, ale rozmno\u017euje. [&hellip;]<\/p>\n","protected":false},"author":1,"featured_media":0,"comment_status":"closed","ping_status":"closed","sticky":false,"template":"","format":"standard","meta":{"ngg_post_thumbnail":0,"footnotes":""},"categories":[31],"tags":[],"class_list":["post-63370","post","type-post","status-publish","format-standard","hentry","category-spravy-z-vatikanu"],"views":2,"_links":{"self":[{"href":"https:\/\/www.farnost-strazske.sk\/index.php?rest_route=\/wp\/v2\/posts\/63370","targetHints":{"allow":["GET"]}}],"collection":[{"href":"https:\/\/www.farnost-strazske.sk\/index.php?rest_route=\/wp\/v2\/posts"}],"about":[{"href":"https:\/\/www.farnost-strazske.sk\/index.php?rest_route=\/wp\/v2\/types\/post"}],"author":[{"embeddable":true,"href":"https:\/\/www.farnost-strazske.sk\/index.php?rest_route=\/wp\/v2\/users\/1"}],"replies":[{"embeddable":true,"href":"https:\/\/www.farnost-strazske.sk\/index.php?rest_route=%2Fwp%2Fv2%2Fcomments&post=63370"}],"version-history":[{"count":0,"href":"https:\/\/www.farnost-strazske.sk\/index.php?rest_route=\/wp\/v2\/posts\/63370\/revisions"}],"wp:attachment":[{"href":"https:\/\/www.farnost-strazske.sk\/index.php?rest_route=%2Fwp%2Fv2%2Fmedia&parent=63370"}],"wp:term":[{"taxonomy":"category","embeddable":true,"href":"https:\/\/www.farnost-strazske.sk\/index.php?rest_route=%2Fwp%2Fv2%2Fcategories&post=63370"},{"taxonomy":"post_tag","embeddable":true,"href":"https:\/\/www.farnost-strazske.sk\/index.php?rest_route=%2Fwp%2Fv2%2Ftags&post=63370"}],"curies":[{"name":"wp","href":"https:\/\/api.w.org\/{rel}","templated":true}]}}