{"id":63371,"date":"2026-04-26T13:43:00","date_gmt":"2026-04-26T13:43:00","guid":{"rendered":"https:\/\/www.farnost-strazske.sk\/?p=63371"},"modified":"2026-04-26T13:43:00","modified_gmt":"2026-04-26T13:43:00","slug":"lev-xiv-novym-knazom-ste-pre-vsetkych-nechajte-branu-cirkvi-otvorenu","status":"publish","type":"post","link":"https:\/\/www.farnost-strazske.sk\/?p=63371","title":{"rendered":"Lev XIV. nov\u00fdm k\u0148azom: Ste pre v\u0161etk\u00fdch, nechajte br\u00e1nu Cirkvi otvoren\u00fa"},"content":{"rendered":"<p>P\u00e1pe\u017e Lev XIV. pri sv\u00e4tej om\u0161i v Bazilike sv. Petra vysv\u00e4til desa\u0165 nov\u00fdch k\u0148azov pre R\u00edmsku diec\u00e9zu. V hom\u00edlii ich vyzval, aby neboli \u201efiltrom\u201c, ale \u201ekan\u00e1lom\u201c, aby dr\u017eali otvoren\u00fd prah Cirkvi a vych\u00e1dzali v \u00fastrety \u013eu\u010fom, kult\u00fare a \u017eivotu. K\u0148azsk\u00e1 slu\u017eba je pod\u013ea neho slu\u017ebou spolo\u010denstva, pokoja a n\u00e1deje aj tam, kde sa svet uzatv\u00e1ra zo strachu.<\/p>\n<p><a href=\"https:\/\/www.vaticannews.va\/sk\/papez\/news\/2026-04\/lev-xiv-novym-knazom-ste-pre-vsetkych-nechajte-branu-cirkvi.html\">\u010c\u00edtaj cel\u00e9<\/a><\/p>\n<p>\u00a0<\/p>","protected":false},"excerpt":{"rendered":"<p>P\u00e1pe\u017e Lev XIV. pri sv\u00e4tej om\u0161i v Bazilike sv. Petra vysv\u00e4til desa\u0165 nov\u00fdch k\u0148azov pre R\u00edmsku diec\u00e9zu. V hom\u00edlii ich vyzval, aby neboli \u201efiltrom\u201c, ale \u201ekan\u00e1lom\u201c, aby dr\u017eali otvoren\u00fd prah Cirkvi a vych\u00e1dzali v \u00fastrety \u013eu\u010fom, kult\u00fare a \u017eivotu. K\u0148azsk\u00e1 slu\u017eba je pod\u013ea neho slu\u017ebou spolo\u010denstva, pokoja a n\u00e1deje aj tam, kde sa svet uzatv\u00e1ra [&hellip;]<\/p>\n","protected":false},"author":1,"featured_media":0,"comment_status":"closed","ping_status":"closed","sticky":false,"template":"","format":"standard","meta":{"ngg_post_thumbnail":0,"footnotes":""},"categories":[31],"tags":[],"class_list":["post-63371","post","type-post","status-publish","format-standard","hentry","category-spravy-z-vatikanu"],"views":1,"_links":{"self":[{"href":"https:\/\/www.farnost-strazske.sk\/index.php?rest_route=\/wp\/v2\/posts\/63371","targetHints":{"allow":["GET"]}}],"collection":[{"href":"https:\/\/www.farnost-strazske.sk\/index.php?rest_route=\/wp\/v2\/posts"}],"about":[{"href":"https:\/\/www.farnost-strazske.sk\/index.php?rest_route=\/wp\/v2\/types\/post"}],"author":[{"embeddable":true,"href":"https:\/\/www.farnost-strazske.sk\/index.php?rest_route=\/wp\/v2\/users\/1"}],"replies":[{"embeddable":true,"href":"https:\/\/www.farnost-strazske.sk\/index.php?rest_route=%2Fwp%2Fv2%2Fcomments&post=63371"}],"version-history":[{"count":0,"href":"https:\/\/www.farnost-strazske.sk\/index.php?rest_route=\/wp\/v2\/posts\/63371\/revisions"}],"wp:attachment":[{"href":"https:\/\/www.farnost-strazske.sk\/index.php?rest_route=%2Fwp%2Fv2%2Fmedia&parent=63371"}],"wp:term":[{"taxonomy":"category","embeddable":true,"href":"https:\/\/www.farnost-strazske.sk\/index.php?rest_route=%2Fwp%2Fv2%2Fcategories&post=63371"},{"taxonomy":"post_tag","embeddable":true,"href":"https:\/\/www.farnost-strazske.sk\/index.php?rest_route=%2Fwp%2Fv2%2Ftags&post=63371"}],"curies":[{"name":"wp","href":"https:\/\/api.w.org\/{rel}","templated":true}]}}