{"id":63373,"date":"2026-04-26T20:48:00","date_gmt":"2026-04-26T20:48:00","guid":{"rendered":"https:\/\/www.farnost-strazske.sk\/?p=63373"},"modified":"2026-04-26T22:51:44","modified_gmt":"2026-04-26T22:51:44","slug":"liturgicky-prehlad-a-oznamy-27-4-3-5-2026","status":"publish","type":"post","link":"https:\/\/www.farnost-strazske.sk\/?p=63373","title":{"rendered":"Liturgick\u00fd preh\u013ead a\u00a0oznamy 27.4. \u2013 3.5. 2026"},"content":{"rendered":"<table width=\"97%\">\n<tbody>\n<tr>\n<td width=\"28%\">\n<p style=\"text-align: center;\"><strong>Pondelok \/27.04.\/<\/strong><\/p>\n<p style=\"text-align: center;\"><em>f\u00e9ria<\/em><\/p>\n<\/td>\n<td width=\"33%\"><em><u>17.00\u201318.00 Str\u00e1\u017eske-sv.zmierenia<\/u><\/em><\/p>\n<p><strong>18.00 Str\u00e1\u017eske \u2013 detsk\u00e1<br \/>\n<\/strong>+ Ladislav Lipovsk\u00fd<br \/>\n+ Jozef a Anna<\/td>\n<td width=\"33%\"><em><u>17.00-18.00 Brekov-sv.zmierenia<\/u><\/em><\/p>\n<p><strong>18.00 Brekov<br \/>\n<\/strong>+ Vladim\u00edr a Ondrej<\/td>\n<\/tr>\n<tr>\n<td width=\"28%\">\n<p style=\"text-align: center;\"><strong>Utorok \/28.04.\/<\/strong><\/p>\n<p style=\"text-align: center;\"><em>f\u00e9ria<\/em><\/p>\n<\/td>\n<td width=\"33%\"><em><u>11.15\u201312.00 Str\u00e1\u017eske-sv.zmierenia<\/u><\/em><\/p>\n<p><strong>12.00 Str\u00e1\u017eske<br \/>\n<\/strong>+ M\u00e1ria, \u0160tefan, J\u00e1n Legemzov\u00ed a&nbsp;ich rodi\u010dia<\/td>\n<td width=\"33%\"><em><u>16.15\u201317.00 P.\u010cemern\u00e9-sv.zmierenia<\/u><\/em><\/p>\n<p><strong>17.00 Pust\u00e9 \u010cemern\u00e9<\/strong><\/td>\n<\/tr>\n<tr>\n<td width=\"28%\">\n<p style=\"text-align: center;\"><strong>Streda \/29.05.\/<\/strong><\/p>\n<p style=\"text-align: center;\">Sv. Katar\u00edna Siensk\u00e1, spolupatr\u00f3nka Eur\u00f3py<\/p>\n<\/td>\n<td width=\"33%\"><em><u>11.15\u201312.00 Str\u00e1\u017eske-sv.zmierenia<\/u><\/em><\/p>\n<p><strong>12.00 Str\u00e1\u017eske \u2013 v\u00fdro\u010dn\u00e1<br \/>\n<\/strong>+ Ladislav \u017dof\u010d\u00e1k (1. v\u00fdr.)<\/td>\n<td width=\"33%\"><em><u>17.00\u201318.00 Brekov-sv.zmierenia<\/u><\/em><\/p>\n<p><strong>18.00 Brekov \u2013 detsk\u00e1<br \/>\n<\/strong>+ ROD Andrej\u010d\u00e1kov\u00e1 a Kov\u00e1\u010dov\u00e1<\/td>\n<\/tr>\n<tr>\n<td width=\"28%\">\n<p style=\"text-align: center;\"><strong>\u0160tvrtok \/30.05.\/<\/strong><\/p>\n<p style=\"text-align: center;\"><em>f\u00e9ria<\/em><\/p>\n<\/td>\n<td width=\"33%\"><em><u>15.00 Str\u00e1\u017eske-ADOR\u00c1CIA<\/u><\/em><\/p>\n<p><span style=\"text-decoration: underline;\"><em>16.30\u201318.00 Str\u00e1\u017eske-sv.zmierenia<\/em><\/span><\/p>\n<p><strong>18.00 Str\u00e1\u017eske (ml\u00e1de\u017e + deti)<br \/>\n<\/strong>+ Ingrid Geciov\u00e1<\/p>\n<p><em><u>19.00 Str\u00e1\u017eske-stretnutie pri&nbsp;Bo\u017eom slove&nbsp; <\/u><\/em><\/td>\n<td width=\"33%\"><em><u>16.15\u201317.00 Krivo\u0161\u0165any-sv.zmierenia<\/u><\/em><\/p>\n<p><strong>17.00 Krivo\u0161\u0165any<\/strong><\/td>\n<\/tr>\n<tr>\n<td width=\"28%\">\n<p style=\"text-align: center;\"><strong>Piatok \/01.05.\/<\/strong><\/p>\n<p style=\"text-align: center;\"><strong>1. piatok<\/strong><\/p>\n<\/td>\n<td width=\"33%\"><em><u>08.15 Str\u00e1\u017eske\u2013sv.zmierenia chor\u00fdch<\/u><\/em><\/p>\n<p><strong>17.00 Krivo\u0161\u0165any<\/strong><\/p>\n<p><strong>18.15 Str\u00e1\u017eske<br \/>\n<\/strong>+ V\u00e1clav Bodn\u00e1r<br \/>\n+ ROD Bodn\u00e1rov\u00e1 a Va\u0161kov\u00e1<\/td>\n<td width=\"33%\"><em><u>08.00 Brekov\u2013sv.zmierenia chor\u00fdch<\/u><\/em><\/p>\n<p><strong>17.00 Pust\u00e9 \u010cemern\u00e9<\/strong><\/p>\n<p><strong>18.15 Brekov<br \/>\n<\/strong>Na \u00famysel ordin\u00e1ra<\/td>\n<\/tr>\n<tr>\n<td width=\"28%\">\n<p style=\"text-align: center;\"><strong>Sobota \/02.05.\/<\/strong><\/p>\n<p style=\"text-align: center;\"><strong><em>1. sobota<\/em><\/strong><\/p>\n<\/td>\n<td width=\"33%\"><em><u>17.00 Str\u00e1\u017eske-Fatimsk\u00e1 sobota<\/u><\/em><\/p>\n<p><strong>18.00 Str\u00e1\u017eske<br \/>\n<\/strong>ZBP \u0160tefan Vojtek <em>&nbsp;<\/em><\/td>\n<td width=\"33%\"><em><u>17.00 Brekov-Fatimsk\u00e1 sobota<\/u><\/em><\/p>\n<p><strong>18.00 Brekov<br \/>\n<\/strong>ZBP Jozef Ka\u0161\u0161ai<\/td>\n<\/tr>\n<tr>\n<td width=\"28%\">\n<p style=\"text-align: center;\"><strong>Nede\u013ea \/03.05.\/<\/strong><\/p>\n<p style=\"text-align: center;\"><strong>5. ve\u013ekono\u010dn\u00e1 nede\u013ea<\/strong><\/p>\n<\/td>\n<td width=\"33%\"><strong>08.00 Krivo\u0161\u0165any<\/strong><\/p>\n<p><strong>10.30 Str\u00e1\u017eske<br \/>\n<\/strong>ZBP ROD Sakalikov\u00e1 a&nbsp;Ko\u0161utov\u00e1<\/p>\n<p><strong>18.15 Str\u00e1\u017eske<br \/>\n<\/strong>Za veriacich farnosti<\/td>\n<td width=\"33%\"><strong>09.15 Brekov<br \/>\n<\/strong>ZBP Monika \u0160tofejov\u00e1<\/p>\n<p><strong>09.15 Pust\u00e9 \u010cemern\u00e9<\/strong><\/td>\n<\/tr>\n<\/tbody>\n<\/table>\n<ul>\n<li><strong>Na bud\u00facu nede\u013eu bude v&nbsp;na\u0161ej farnosti Zbierka na K\u0148azsk\u00fd semin\u00e1r v&nbsp;Ko\u0161iciach<\/strong><\/li>\n<li><strong>Po\u010das mari\u00e1nskeho mesiaca m\u00e1ja<\/strong> sa budeme pred sv. om\u0161ami modli\u0165 M\u00e1jov\u00fa pobo\u017enos\u0165<\/li>\n<li><strong>\u00daprimn\u00e1 v\u010faka za dary pri Mesa\u010dnej zbierke na obnovu kostola <\/strong><\/li>\n<li><strong>V&nbsp;piatok aj sobotu pokra\u010duj\u00fa stretnutia birmovancov<\/strong><\/li>\n<li><strong><strong>\u00daprimne \u010fakujeme za ka\u017ed\u00fa slu\u017ebu , modlitbu a&nbsp;obetu pre farnos\u0165 v&nbsp;uplynulom t\u00fd\u017edni<\/strong><\/strong><br \/>\n<hr>\n<h3 style=\"text-align: center;\"><strong><em><u>5. Ve\u013ekono\u010dn\u00e1 nede\u013ea<\/u><\/em><\/strong><\/h3>\n<\/li>\n<\/ul>\n<p><strong>&nbsp;<\/strong><strong>\u010c\u00edtanie zo&nbsp;Skutkov Apo\u0161tolov<\/strong><\/p>\n<p>V&nbsp;t\u00fdch d\u0148och, ke\u010f po\u010det u\u010den\u00edkov r\u00e1stol, Helenisti za\u010dali \u0161omra\u0165 na Hebrejov, \u017ee pri ka\u017edodennom obsluhovan\u00ed zanedb\u00e1vaj\u00fa ich vdovy. Preto Dvan\u00e1sti zvolali zhroma\u017edenie u\u010den\u00edkov a&nbsp;povedali: \u201eNie je spr\u00e1vne, aby sme my zanedb\u00e1vali Bo\u017eie slovo a&nbsp;obsluhovali pri stoloch. Preto si, bratia, vyhliadnite spomedzi seba sedem osved\u010den\u00fdch mu\u017eov, pln\u00fdch Ducha a&nbsp;m\u00fadrosti, a&nbsp;na t\u00fato \u00falohu ustanov\u00edme ich. My sa budeme celkom venova\u0165 modlitbe a&nbsp;slu\u017ebe slova.\u201c<\/p>\n<p>T\u00e1to re\u010d sa p\u00e1\u010dila cel\u00e9mu zhroma\u017edeniu a&nbsp;vyvolili si \u0160tefana, mu\u017ea pln\u00e9ho viery a&nbsp;Ducha Sv\u00e4t\u00e9ho, \u010falej Filipa, Prochora, Nikanora, Timona, Parmen\u00e1\u0161a a&nbsp;Mikul\u00e1\u0161a, prozelytu z&nbsp;Antiochie. Postavili ich pred apo\u0161tolov a&nbsp;oni sa modlili a&nbsp;vlo\u017eili na nich ruky.<\/p>\n<p>Bo\u017eie slovo sa \u0161\u00edrilo a&nbsp;po\u010det u\u010den\u00edkov v&nbsp;Jeruzaleme ve\u013emi r\u00e1stol. Aj ve\u013ea k\u0148azov poslu\u0161ne prijalo vieru.<\/p>\n<p><em>Po\u010duli sme Bo\u017eie slovo.<\/em><\/p>\n<p><strong>\u010c\u00edtanie&nbsp;z Prv\u00e9ho listu sv\u00e4t\u00e9ho apo\u0161tola Petra<\/strong><\/p>\n<p>Milovan\u00ed, prich\u00e1dzajte k&nbsp;P\u00e1novi, k&nbsp;\u017eiv\u00e9mu kame\u0148u, ktor\u00fd \u013eudia s\u00edce zavrhli, ale pred Bohom je vyvolen\u00fd a&nbsp;vz\u00e1cny, a&nbsp;dajte sa vbudova\u0165 aj vy ako \u017eiv\u00e9 kamene do duchovn\u00e9ho domu, do sv\u00e4t\u00e9ho k\u0148azstva, aby ste prin\u00e1\u0161ali duchovn\u00e9 obety, pr\u00edjemn\u00e9 Bohu skrze Je\u017ei\u0161a Krista. Preto je v&nbsp;P\u00edsme: \u201eH\u013ea, kladiem na Sione kame\u0148 uholn\u00fd, vyvolen\u00fd a&nbsp;vz\u00e1cny; kto v&nbsp;neho ver\u00ed, nebude zahanben\u00fd.\u201c<\/p>\n<p>V\u00e1m teda, ktor\u00ed ver\u00edte, je na \u010des\u0165; pre t\u00fdch v\u0161ak, \u010do neveria: \u201eKame\u0148, \u010do stavitelia zavrhli, sa stal kame\u0148om uholn\u00fdm,\u201c \u201ekame\u0148om \u00farazu a&nbsp;skalou pohor\u0161enia\u201c. Oni na\u0148 nar\u00e1\u017eaj\u00fa, lebo neveria slovu. A&nbsp;na to s\u00fa aj ur\u010den\u00ed.<\/p>\n<p>Ale vy ste vyvolen\u00fd rod, kr\u00e1\u013eovsk\u00e9 k\u0148azstvo, sv\u00e4t\u00fd n\u00e1rod, \u013eud ur\u010den\u00fd na vlastn\u00edctvo, aby ste zvestovali sl\u00e1vne skutky toho, ktor\u00fd v\u00e1s z&nbsp;tmy povolal do svojho obdivuhodn\u00e9ho svetla.<\/p>\n<p><em>Po\u010duli sme Bo\u017eie slovo.<\/em><\/p>\n<p><em>Aleluja, aleluja, aleluja. <\/em>Ja som cesta, pravda a&nbsp;\u017eivot, hovor\u00ed P\u00e1n; nik nepr\u00edde k&nbsp;Otcovi, iba cezo m\u0148a.<\/p>\n<p>&nbsp;<\/p>\n<p><strong>\u010c\u00edtanie zo&nbsp;sv\u00e4t\u00e9ho Evanjelia pod\u013ea J\u00e1na<\/strong><\/p>\n<p>Je\u017ei\u0161 povedal svojim u\u010den\u00edkom: \u201eNech sa v\u00e1m srdce nevzru\u0161uje! Ver\u00edte v&nbsp;Boha, verte aj vo m\u0148a. V&nbsp;dome m\u00f4jho Otca je mnoho pr\u00edbytkov. Keby to tak nebolo, bol by som v\u00e1m povedal, \u017ee v\u00e1m idem pripravi\u0165 miesto?! Ke\u010f od\u00eddem a&nbsp;priprav\u00edm v\u00e1m miesto, zasa pr\u00eddem a&nbsp;vezmem v\u00e1s k&nbsp;sebe, aby ste aj vy boli tam, kde som ja. A&nbsp;cestu, kam idem, pozn\u00e1te.\u201c<\/p>\n<p>Tom\u00e1\u0161 mu povedal: \u201ePane, nevieme, kam ide\u0161. Ako\u017ee m\u00f4\u017eeme pozna\u0165 cestu?!\u201c<\/p>\n<p>Je\u017ei\u0161 mu odpovedal: \u201eJa som cesta, pravda a&nbsp;\u017eivot. Nik nepr\u00edde k&nbsp;Otcovi, iba cezo m\u0148a. Ak pozn\u00e1te m\u0148a, budete pozna\u0165 aj m\u00f4jho Otca. U\u017e teraz ho pozn\u00e1te a&nbsp;videli ste ho.\u201c<\/p>\n<p>Filip sa ozval: \u201ePane, uk\u00e1\u017e n\u00e1m Otca a&nbsp;to n\u00e1m posta\u010d\u00ed.\u201c<\/p>\n<p>Je\u017ei\u0161 mu vravel: \u201eFilip, to\u013ek\u00fd \u010das som s&nbsp;vami a&nbsp;nepozn\u00e1\u0161 ma?! Kto vid\u00ed m\u0148a, vid\u00ed Otca. Ako m\u00f4\u017ee\u0161 hovori\u0165: \u201aUk\u00e1\u017e n\u00e1m Otca?!\u2018 Never\u00ed\u0161, \u017ee ja som v&nbsp;Otcovi a&nbsp;Otec vo mne? Slov\u00e1, ktor\u00e9 v\u00e1m hovor\u00edm, nehovor\u00edm s\u00e1m zo seba, ale Otec, ktor\u00fd ost\u00e1va vo mne, kon\u00e1 svoje skutky. Verte mi, \u017ee ja som v&nbsp;Otcovi a&nbsp;Otec vo mne. Ak nie pre in\u00e9, aspo\u0148 pre tie skutky verte!<\/p>\n<p>Veru, veru, hovor\u00edm v\u00e1m: Aj ten, kto ver\u00ed vo m\u0148a, bude kona\u0165 skutky, ak\u00e9 ja kon\u00e1m, ba bude kona\u0165 e\u0161te v\u00e4\u010d\u0161ie, lebo ja idem k&nbsp;Otcovi.\u201c<\/p>\n<p><em>Po\u010duli sme slovo P\u00e1novo.<\/em><\/p>\n<p><strong>&nbsp;<\/strong><\/p>\n","protected":false},"excerpt":{"rendered":"<p>Pondelok \/27.04.\/ f\u00e9ria 17.00\u201318.00 Str\u00e1\u017eske-sv.zmierenia 18.00 Str\u00e1\u017eske \u2013 detsk\u00e1 + Ladislav Lipovsk\u00fd + Jozef a Anna 17.00-18.00 Brekov-sv.zmierenia 18.00 Brekov + Vladim\u00edr a Ondrej Utorok \/28.04.\/ f\u00e9ria 11.15\u201312.00 Str\u00e1\u017eske-sv.zmierenia 12.00 Str\u00e1\u017eske + M\u00e1ria, \u0160tefan, J\u00e1n Legemzov\u00ed a&nbsp;ich rodi\u010dia 16.15\u201317.00 P.\u010cemern\u00e9-sv.zmierenia 17.00 Pust\u00e9 \u010cemern\u00e9 Streda \/29.05.\/ Sv. Katar\u00edna Siensk\u00e1, spolupatr\u00f3nka Eur\u00f3py 11.15\u201312.00 Str\u00e1\u017eske-sv.zmierenia 12.00 Str\u00e1\u017eske \u2013 [&hellip;]<\/p>\n","protected":false},"author":1,"featured_media":0,"comment_status":"closed","ping_status":"closed","sticky":false,"template":"","format":"standard","meta":{"ngg_post_thumbnail":0,"footnotes":""},"categories":[4],"tags":[],"class_list":["post-63373","post","type-post","status-publish","format-standard","hentry","category-farske-oznamy"],"views":53,"_links":{"self":[{"href":"https:\/\/www.farnost-strazske.sk\/index.php?rest_route=\/wp\/v2\/posts\/63373","targetHints":{"allow":["GET"]}}],"collection":[{"href":"https:\/\/www.farnost-strazske.sk\/index.php?rest_route=\/wp\/v2\/posts"}],"about":[{"href":"https:\/\/www.farnost-strazske.sk\/index.php?rest_route=\/wp\/v2\/types\/post"}],"author":[{"embeddable":true,"href":"https:\/\/www.farnost-strazske.sk\/index.php?rest_route=\/wp\/v2\/users\/1"}],"replies":[{"embeddable":true,"href":"https:\/\/www.farnost-strazske.sk\/index.php?rest_route=%2Fwp%2Fv2%2Fcomments&post=63373"}],"version-history":[{"count":2,"href":"https:\/\/www.farnost-strazske.sk\/index.php?rest_route=\/wp\/v2\/posts\/63373\/revisions"}],"predecessor-version":[{"id":63375,"href":"https:\/\/www.farnost-strazske.sk\/index.php?rest_route=\/wp\/v2\/posts\/63373\/revisions\/63375"}],"wp:attachment":[{"href":"https:\/\/www.farnost-strazske.sk\/index.php?rest_route=%2Fwp%2Fv2%2Fmedia&parent=63373"}],"wp:term":[{"taxonomy":"category","embeddable":true,"href":"https:\/\/www.farnost-strazske.sk\/index.php?rest_route=%2Fwp%2Fv2%2Fcategories&post=63373"},{"taxonomy":"post_tag","embeddable":true,"href":"https:\/\/www.farnost-strazske.sk\/index.php?rest_route=%2Fwp%2Fv2%2Ftags&post=63373"}],"curies":[{"name":"wp","href":"https:\/\/api.w.org\/{rel}","templated":true}]}}