{"id":63380,"date":"2026-04-28T15:26:00","date_gmt":"2026-04-28T15:26:00","guid":{"rendered":"https:\/\/www.farnost-strazske.sk\/?p=63380"},"modified":"2026-04-28T15:26:00","modified_gmt":"2026-04-28T15:26:00","slug":"kard-parolin-papezska-cirkevna-akademia-prinasa-odpovede-mieru-pre-svet","status":"publish","type":"post","link":"https:\/\/www.farnost-strazske.sk\/?p=63380","title":{"rendered":"Kard. Parolin: P\u00e1pe\u017esk\u00e1 cirkevn\u00e1 akad\u00e9mia prin\u00e1\u0161a odpovede mieru pre svet"},"content":{"rendered":"<p>V rozhovore pre vatik\u00e1nske m\u00e9di\u00e1 \u0161t\u00e1tny sekret\u00e1r Pietro Parolin uva\u017euje o 325. v\u00fdro\u010d\u00ed zalo\u017eenia in\u0161tit\u00facie, ktor\u00e1 vychov\u00e1va bud\u00facich p\u00e1pe\u017esk\u00fdch diplomatov a ktor\u00fa v pondelok popoludn\u00ed nav\u0161t\u00edvil Lev XIV.: z\u00e1kladnou \u00falohou je na\u010drtn\u00fa\u0165 cesty zalo\u017een\u00e9 na princ\u00edpoch, pravidl\u00e1ch a \u0161trukt\u00farach, ktor\u00e9 zaru\u010duj\u00fa poriadok medzi n\u00e1rodmi.\n<\/p>\n<p><a href=\"https:\/\/www.vaticannews.va\/sk\/vatikan\/news\/2026-04\/kard-parolin-papezska-cirkevna-akademia-prinasa-odpovede-mieru.html\">\u010c\u00edtaj cel\u00e9<\/a><\/p>\n<p>\u00a0<\/p>","protected":false},"excerpt":{"rendered":"<p>V rozhovore pre vatik\u00e1nske m\u00e9di\u00e1 \u0161t\u00e1tny sekret\u00e1r Pietro Parolin uva\u017euje o 325. v\u00fdro\u010d\u00ed zalo\u017eenia in\u0161tit\u00facie, ktor\u00e1 vychov\u00e1va bud\u00facich p\u00e1pe\u017esk\u00fdch diplomatov a ktor\u00fa v pondelok popoludn\u00ed nav\u0161t\u00edvil Lev XIV.: z\u00e1kladnou \u00falohou je na\u010drtn\u00fa\u0165 cesty zalo\u017een\u00e9 na princ\u00edpoch, pravidl\u00e1ch a \u0161trukt\u00farach, ktor\u00e9 zaru\u010duj\u00fa poriadok medzi n\u00e1rodmi. \u010c\u00edtaj cel\u00e9 \u00a0<\/p>\n","protected":false},"author":1,"featured_media":0,"comment_status":"closed","ping_status":"closed","sticky":false,"template":"","format":"standard","meta":{"ngg_post_thumbnail":0,"footnotes":""},"categories":[31],"tags":[],"class_list":["post-63380","post","type-post","status-publish","format-standard","hentry","category-spravy-z-vatikanu"],"views":1,"_links":{"self":[{"href":"https:\/\/www.farnost-strazske.sk\/index.php?rest_route=\/wp\/v2\/posts\/63380","targetHints":{"allow":["GET"]}}],"collection":[{"href":"https:\/\/www.farnost-strazske.sk\/index.php?rest_route=\/wp\/v2\/posts"}],"about":[{"href":"https:\/\/www.farnost-strazske.sk\/index.php?rest_route=\/wp\/v2\/types\/post"}],"author":[{"embeddable":true,"href":"https:\/\/www.farnost-strazske.sk\/index.php?rest_route=\/wp\/v2\/users\/1"}],"replies":[{"embeddable":true,"href":"https:\/\/www.farnost-strazske.sk\/index.php?rest_route=%2Fwp%2Fv2%2Fcomments&post=63380"}],"version-history":[{"count":0,"href":"https:\/\/www.farnost-strazske.sk\/index.php?rest_route=\/wp\/v2\/posts\/63380\/revisions"}],"wp:attachment":[{"href":"https:\/\/www.farnost-strazske.sk\/index.php?rest_route=%2Fwp%2Fv2%2Fmedia&parent=63380"}],"wp:term":[{"taxonomy":"category","embeddable":true,"href":"https:\/\/www.farnost-strazske.sk\/index.php?rest_route=%2Fwp%2Fv2%2Fcategories&post=63380"},{"taxonomy":"post_tag","embeddable":true,"href":"https:\/\/www.farnost-strazske.sk\/index.php?rest_route=%2Fwp%2Fv2%2Ftags&post=63380"}],"curies":[{"name":"wp","href":"https:\/\/api.w.org\/{rel}","templated":true}]}}