{"id":63381,"date":"2026-04-28T15:11:00","date_gmt":"2026-04-28T15:11:00","guid":{"rendered":"https:\/\/www.farnost-strazske.sk\/?p=63381"},"modified":"2026-04-28T15:11:00","modified_gmt":"2026-04-28T15:11:00","slug":"lev-xiv-papezskym-diplomatom-nech-cez-vas-bozia-milost-prenika-do-zakuti-dejin","status":"publish","type":"post","link":"https:\/\/www.farnost-strazske.sk\/?p=63381","title":{"rendered":"Lev XIV. p\u00e1pe\u017esk\u00fdm diplomatom: Nech cez v\u00e1s Bo\u017eia milos\u0165 prenik\u00e1 do z\u00e1kut\u00ed dej\u00edn"},"content":{"rendered":"<p>P\u00e1pe\u017e Lev XIV. v pondelok 27. apr\u00edla popoludn\u00ed nav\u0161t\u00edvil P\u00e1pe\u017esk\u00fa cirkevn\u00fa akad\u00e9miu pri pr\u00edle\u017eitosti 325. v\u00fdro\u010dia jej zalo\u017eenia. Ide o in\u0161tit\u00faciu v R\u00edme, v ktorej sa k\u0148azi z r\u00f4znych \u010dast\u00ed sveta pripravuj\u00fa na diplomatick\u00fa misiu v slu\u017eb\u00e1ch Sv\u00e4tej stolice, ktor\u00e1 je zameran\u00e1 na ochranu d\u00f4stojnosti ka\u017edej osoby a na posil\u0148ovanie spolo\u010dn\u00e9ho dobra.<\/p>\n<p><a href=\"https:\/\/www.vaticannews.va\/sk\/papez\/news\/2026-04\/lev-xiv-papezskym-diplomatom-nech-cez-vas-bozia-milost-prenika.html\">\u010c\u00edtaj cel\u00e9<\/a><\/p>\n<p>\u00a0<\/p>","protected":false},"excerpt":{"rendered":"<p>P\u00e1pe\u017e Lev XIV. v pondelok 27. apr\u00edla popoludn\u00ed nav\u0161t\u00edvil P\u00e1pe\u017esk\u00fa cirkevn\u00fa akad\u00e9miu pri pr\u00edle\u017eitosti 325. v\u00fdro\u010dia jej zalo\u017eenia. Ide o in\u0161tit\u00faciu v R\u00edme, v ktorej sa k\u0148azi z r\u00f4znych \u010dast\u00ed sveta pripravuj\u00fa na diplomatick\u00fa misiu v slu\u017eb\u00e1ch Sv\u00e4tej stolice, ktor\u00e1 je zameran\u00e1 na ochranu d\u00f4stojnosti ka\u017edej osoby a na posil\u0148ovanie spolo\u010dn\u00e9ho dobra. \u010c\u00edtaj cel\u00e9 \u00a0<\/p>\n","protected":false},"author":1,"featured_media":0,"comment_status":"closed","ping_status":"closed","sticky":false,"template":"","format":"standard","meta":{"ngg_post_thumbnail":0,"footnotes":""},"categories":[31],"tags":[],"class_list":["post-63381","post","type-post","status-publish","format-standard","hentry","category-spravy-z-vatikanu"],"views":1,"_links":{"self":[{"href":"https:\/\/www.farnost-strazske.sk\/index.php?rest_route=\/wp\/v2\/posts\/63381","targetHints":{"allow":["GET"]}}],"collection":[{"href":"https:\/\/www.farnost-strazske.sk\/index.php?rest_route=\/wp\/v2\/posts"}],"about":[{"href":"https:\/\/www.farnost-strazske.sk\/index.php?rest_route=\/wp\/v2\/types\/post"}],"author":[{"embeddable":true,"href":"https:\/\/www.farnost-strazske.sk\/index.php?rest_route=\/wp\/v2\/users\/1"}],"replies":[{"embeddable":true,"href":"https:\/\/www.farnost-strazske.sk\/index.php?rest_route=%2Fwp%2Fv2%2Fcomments&post=63381"}],"version-history":[{"count":0,"href":"https:\/\/www.farnost-strazske.sk\/index.php?rest_route=\/wp\/v2\/posts\/63381\/revisions"}],"wp:attachment":[{"href":"https:\/\/www.farnost-strazske.sk\/index.php?rest_route=%2Fwp%2Fv2%2Fmedia&parent=63381"}],"wp:term":[{"taxonomy":"category","embeddable":true,"href":"https:\/\/www.farnost-strazske.sk\/index.php?rest_route=%2Fwp%2Fv2%2Fcategories&post=63381"},{"taxonomy":"post_tag","embeddable":true,"href":"https:\/\/www.farnost-strazske.sk\/index.php?rest_route=%2Fwp%2Fv2%2Ftags&post=63381"}],"curies":[{"name":"wp","href":"https:\/\/api.w.org\/{rel}","templated":true}]}}