{"id":63382,"date":"2026-04-29T16:01:00","date_gmt":"2026-04-29T16:01:00","guid":{"rendered":"https:\/\/www.farnost-strazske.sk\/?p=63382"},"modified":"2026-04-29T16:01:00","modified_gmt":"2026-04-29T16:01:00","slug":"asteroid-nesie-meno-papeza-leva-xiii-pripomina-jeho-podporu-pravej-a-pevnej-vedy","status":"publish","type":"post","link":"https:\/\/www.farnost-strazske.sk\/?p=63382","title":{"rendered":"Asteroid nesie meno p\u00e1pe\u017ea Leva XIII. Pripom\u00edna jeho podporu \u201epravej a pevnej vedy\u201c"},"content":{"rendered":"<p>Medzin\u00e1rodn\u00e1 astronomick\u00e1 \u00fania schv\u00e1lila pomenovanie \u0161tyroch asteroidov pod\u013ea osobnost\u00ed spojen\u00fdch s Vatik\u00e1nskym observat\u00f3riom. Jeden z nich nesie meno p\u00e1pe\u017ea Leva XIII., ktor\u00fd v roku 1891 obnovil \u010dinnos\u0165 observat\u00f3ria a zd\u00f4raznil, \u017ee Cirkev chce vedu \u201eprij\u00edma\u0165, podporova\u0165 a rozv\u00edja\u0165 s maxim\u00e1lnou oddanos\u0165ou\u201c.<\/p>\n<p><a href=\"https:\/\/www.vaticannews.va\/sk\/vatikan\/news\/2026-04\/asteroid-nesie-meno-papeza-leva-xiii-pripomina-jeho-podporu.html\">\u010c\u00edtaj cel\u00e9<\/a><\/p>\n<p>\u00a0<\/p>","protected":false},"excerpt":{"rendered":"<p>Medzin\u00e1rodn\u00e1 astronomick\u00e1 \u00fania schv\u00e1lila pomenovanie \u0161tyroch asteroidov pod\u013ea osobnost\u00ed spojen\u00fdch s Vatik\u00e1nskym observat\u00f3riom. Jeden z nich nesie meno p\u00e1pe\u017ea Leva XIII., ktor\u00fd v roku 1891 obnovil \u010dinnos\u0165 observat\u00f3ria a zd\u00f4raznil, \u017ee Cirkev chce vedu \u201eprij\u00edma\u0165, podporova\u0165 a rozv\u00edja\u0165 s maxim\u00e1lnou oddanos\u0165ou\u201c. \u010c\u00edtaj cel\u00e9 \u00a0<\/p>\n","protected":false},"author":1,"featured_media":0,"comment_status":"closed","ping_status":"closed","sticky":false,"template":"","format":"standard","meta":{"ngg_post_thumbnail":0,"footnotes":""},"categories":[31],"tags":[],"class_list":["post-63382","post","type-post","status-publish","format-standard","hentry","category-spravy-z-vatikanu"],"views":1,"_links":{"self":[{"href":"https:\/\/www.farnost-strazske.sk\/index.php?rest_route=\/wp\/v2\/posts\/63382","targetHints":{"allow":["GET"]}}],"collection":[{"href":"https:\/\/www.farnost-strazske.sk\/index.php?rest_route=\/wp\/v2\/posts"}],"about":[{"href":"https:\/\/www.farnost-strazske.sk\/index.php?rest_route=\/wp\/v2\/types\/post"}],"author":[{"embeddable":true,"href":"https:\/\/www.farnost-strazske.sk\/index.php?rest_route=\/wp\/v2\/users\/1"}],"replies":[{"embeddable":true,"href":"https:\/\/www.farnost-strazske.sk\/index.php?rest_route=%2Fwp%2Fv2%2Fcomments&post=63382"}],"version-history":[{"count":0,"href":"https:\/\/www.farnost-strazske.sk\/index.php?rest_route=\/wp\/v2\/posts\/63382\/revisions"}],"wp:attachment":[{"href":"https:\/\/www.farnost-strazske.sk\/index.php?rest_route=%2Fwp%2Fv2%2Fmedia&parent=63382"}],"wp:term":[{"taxonomy":"category","embeddable":true,"href":"https:\/\/www.farnost-strazske.sk\/index.php?rest_route=%2Fwp%2Fv2%2Fcategories&post=63382"},{"taxonomy":"post_tag","embeddable":true,"href":"https:\/\/www.farnost-strazske.sk\/index.php?rest_route=%2Fwp%2Fv2%2Ftags&post=63382"}],"curies":[{"name":"wp","href":"https:\/\/api.w.org\/{rel}","templated":true}]}}