{"id":63384,"date":"2026-04-29T14:02:00","date_gmt":"2026-04-29T14:02:00","guid":{"rendered":"https:\/\/www.farnost-strazske.sk\/?p=63384"},"modified":"2026-04-29T14:02:00","modified_gmt":"2026-04-29T14:02:00","slug":"papez-vyjadril-blizkost-kolumbii-po-atentate-a-vyzval-k-ceste-mieru","status":"publish","type":"post","link":"https:\/\/www.farnost-strazske.sk\/?p=63384","title":{"rendered":"P\u00e1pe\u017e vyjadril bl\u00edzkos\u0165 Kolumbii po atent\u00e1te a vyzval k ceste mieru"},"content":{"rendered":"<p>Lev XIV. v z\u00e1vere gener\u00e1lnej audiencie v stredu 29. apr\u00edla pri pozdrave \u0161panielsky hovoriacich p\u00fatnikov vyjadril s\u00fastras\u0165 v s\u00favislosti s atent\u00e1tom, ktor\u00fd pred nieko\u013ek\u00fdmi d\u0148ami sp\u00e1chali v tejto juhoamerickej krajine disidentsk\u00e9 ozbrojen\u00e9 sily. Obr\u00e1til sa aj na po\u013esk\u00fdch veriacich a pripomenul oslobodenie koncentra\u010dn\u00e9ho t\u00e1bora Dachau v Nemecku, ku ktor\u00e9mu do\u0161lo 29. apr\u00edla 1945 z\u00e1sluhou americk\u00fdch vojakov.<\/p>\n<p><a href=\"https:\/\/www.vaticannews.va\/sk\/papez\/news\/2026-04\/papez-vyjadril-blizkost-kolumbii-po-atentate-a-vyzval-k-ceste-mi.html\">\u010c\u00edtaj cel\u00e9<\/a><\/p>\n<p>\u00a0<\/p>","protected":false},"excerpt":{"rendered":"<p>Lev XIV. v z\u00e1vere gener\u00e1lnej audiencie v stredu 29. apr\u00edla pri pozdrave \u0161panielsky hovoriacich p\u00fatnikov vyjadril s\u00fastras\u0165 v s\u00favislosti s atent\u00e1tom, ktor\u00fd pred nieko\u013ek\u00fdmi d\u0148ami sp\u00e1chali v tejto juhoamerickej krajine disidentsk\u00e9 ozbrojen\u00e9 sily. Obr\u00e1til sa aj na po\u013esk\u00fdch veriacich a pripomenul oslobodenie koncentra\u010dn\u00e9ho t\u00e1bora Dachau v Nemecku, ku ktor\u00e9mu do\u0161lo 29. apr\u00edla 1945 z\u00e1sluhou americk\u00fdch [&hellip;]<\/p>\n","protected":false},"author":1,"featured_media":0,"comment_status":"closed","ping_status":"closed","sticky":false,"template":"","format":"standard","meta":{"ngg_post_thumbnail":0,"footnotes":""},"categories":[31],"tags":[],"class_list":["post-63384","post","type-post","status-publish","format-standard","hentry","category-spravy-z-vatikanu"],"views":1,"_links":{"self":[{"href":"https:\/\/www.farnost-strazske.sk\/index.php?rest_route=\/wp\/v2\/posts\/63384","targetHints":{"allow":["GET"]}}],"collection":[{"href":"https:\/\/www.farnost-strazske.sk\/index.php?rest_route=\/wp\/v2\/posts"}],"about":[{"href":"https:\/\/www.farnost-strazske.sk\/index.php?rest_route=\/wp\/v2\/types\/post"}],"author":[{"embeddable":true,"href":"https:\/\/www.farnost-strazske.sk\/index.php?rest_route=\/wp\/v2\/users\/1"}],"replies":[{"embeddable":true,"href":"https:\/\/www.farnost-strazske.sk\/index.php?rest_route=%2Fwp%2Fv2%2Fcomments&post=63384"}],"version-history":[{"count":0,"href":"https:\/\/www.farnost-strazske.sk\/index.php?rest_route=\/wp\/v2\/posts\/63384\/revisions"}],"wp:attachment":[{"href":"https:\/\/www.farnost-strazske.sk\/index.php?rest_route=%2Fwp%2Fv2%2Fmedia&parent=63384"}],"wp:term":[{"taxonomy":"category","embeddable":true,"href":"https:\/\/www.farnost-strazske.sk\/index.php?rest_route=%2Fwp%2Fv2%2Fcategories&post=63384"},{"taxonomy":"post_tag","embeddable":true,"href":"https:\/\/www.farnost-strazske.sk\/index.php?rest_route=%2Fwp%2Fv2%2Ftags&post=63384"}],"curies":[{"name":"wp","href":"https:\/\/api.w.org\/{rel}","templated":true}]}}