{"id":63463,"date":"2026-04-30T18:23:00","date_gmt":"2026-04-30T18:23:00","guid":{"rendered":"https:\/\/www.farnost-strazske.sk\/?p=63463"},"modified":"2026-04-30T18:23:00","modified_gmt":"2026-04-30T18:23:00","slug":"papez-lev-xiv-clenom-arcidiecezneho-uradu-z-kolina-univerzalnost-cirkvi-sa-prejavuje-solidaritou-a-dialogom","status":"publish","type":"post","link":"https:\/\/www.farnost-strazske.sk\/?p=63463","title":{"rendered":"P\u00e1pe\u017e Lev XIV. \u010dlenom arcidiec\u00e9zneho \u00faradu z Kol\u00edna: Univerz\u00e1lnos\u0165 Cirkvi sa prejavuje solidaritou a dial\u00f3gom"},"content":{"rendered":"<p>Univerz\u00e1lnos\u0165 Cirkvi nie je abstraktn\u00e1 my\u0161lienka, ale konkr\u00e9tna sk\u00fasenos\u0165 solidarity medzi n\u00e1rodmi a miestnymi cirkvami. P\u00e1pe\u017e Lev XIV. to zd\u00f4raznil pri stretnut\u00ed s \u010dlenmi \u00daradu pre univerz\u00e1lnu Cirkev a dial\u00f3g Kol\u00ednskej arcidiec\u00e9zy, ktor\u00ed pri\u0161li do R\u00edma pri pr\u00edle\u017eitosti 50. v\u00fdro\u010dia vzniku tejto in\u0161tit\u00facie. Sv\u00e4t\u00fd Otec vyzdvihol v\u00fdznam dial\u00f3gu, podpory trpiacich regi\u00f3nov i zachovania kres\u0165anskej pr\u00edtomnosti na Bl\u00edzkom v\u00fdchode.<\/p>\n<p><a href=\"https:\/\/www.vaticannews.va\/sk\/papez\/news\/2026-04\/papez-lev-xiv-clenom-arcidiecezneho-uradu-z-kolina-univerzalno.html\">\u010c\u00edtaj cel\u00e9<\/a><\/p>\n<p>\u00a0<\/p>","protected":false},"excerpt":{"rendered":"<p>Univerz\u00e1lnos\u0165 Cirkvi nie je abstraktn\u00e1 my\u0161lienka, ale konkr\u00e9tna sk\u00fasenos\u0165 solidarity medzi n\u00e1rodmi a miestnymi cirkvami. P\u00e1pe\u017e Lev XIV. to zd\u00f4raznil pri stretnut\u00ed s \u010dlenmi \u00daradu pre univerz\u00e1lnu Cirkev a dial\u00f3g Kol\u00ednskej arcidiec\u00e9zy, ktor\u00ed pri\u0161li do R\u00edma pri pr\u00edle\u017eitosti 50. v\u00fdro\u010dia vzniku tejto in\u0161tit\u00facie. Sv\u00e4t\u00fd Otec vyzdvihol v\u00fdznam dial\u00f3gu, podpory trpiacich regi\u00f3nov i zachovania kres\u0165anskej pr\u00edtomnosti [&hellip;]<\/p>\n","protected":false},"author":1,"featured_media":0,"comment_status":"closed","ping_status":"closed","sticky":false,"template":"","format":"standard","meta":{"ngg_post_thumbnail":0,"footnotes":""},"categories":[31],"tags":[],"class_list":["post-63463","post","type-post","status-publish","format-standard","hentry","category-spravy-z-vatikanu"],"views":1,"_links":{"self":[{"href":"https:\/\/www.farnost-strazske.sk\/index.php?rest_route=\/wp\/v2\/posts\/63463","targetHints":{"allow":["GET"]}}],"collection":[{"href":"https:\/\/www.farnost-strazske.sk\/index.php?rest_route=\/wp\/v2\/posts"}],"about":[{"href":"https:\/\/www.farnost-strazske.sk\/index.php?rest_route=\/wp\/v2\/types\/post"}],"author":[{"embeddable":true,"href":"https:\/\/www.farnost-strazske.sk\/index.php?rest_route=\/wp\/v2\/users\/1"}],"replies":[{"embeddable":true,"href":"https:\/\/www.farnost-strazske.sk\/index.php?rest_route=%2Fwp%2Fv2%2Fcomments&post=63463"}],"version-history":[{"count":0,"href":"https:\/\/www.farnost-strazske.sk\/index.php?rest_route=\/wp\/v2\/posts\/63463\/revisions"}],"wp:attachment":[{"href":"https:\/\/www.farnost-strazske.sk\/index.php?rest_route=%2Fwp%2Fv2%2Fmedia&parent=63463"}],"wp:term":[{"taxonomy":"category","embeddable":true,"href":"https:\/\/www.farnost-strazske.sk\/index.php?rest_route=%2Fwp%2Fv2%2Fcategories&post=63463"},{"taxonomy":"post_tag","embeddable":true,"href":"https:\/\/www.farnost-strazske.sk\/index.php?rest_route=%2Fwp%2Fv2%2Ftags&post=63463"}],"curies":[{"name":"wp","href":"https:\/\/api.w.org\/{rel}","templated":true}]}}