{"id":64030,"date":"2026-08-29T15:45:00","date_gmt":"2026-08-29T15:45:00","guid":{"rendered":"https:\/\/www.farnost-strazske.sk\/?p=64030"},"modified":"2026-08-29T15:45:00","modified_gmt":"2026-08-29T15:45:00","slug":"vychodne-cirkvi-synody-budu-moct-odvolat-patriarchov-so-suhlasom-papeza","status":"publish","type":"post","link":"https:\/\/www.farnost-strazske.sk\/?p=64030","title":{"rendered":"V\u00fdchodn\u00e9 cirkvi: Synody bud\u00fa m\u00f4c\u0165 odvola\u0165 patriarchov so s\u00fahlasom p\u00e1pe\u017ea"},"content":{"rendered":"<p>V motu proprio, ktor\u00e9 bolo zverejnen\u00e9 dnes, 29. augusta, Lev XIV. stanovuje pr\u00e1vomoc synody biskupov odvola\u0165 svojho patriarchu s cie\u013eom \u201eobnovi\u0165 zranen\u00e9 spolo\u010denstvo, a to aj jeho odvolan\u00edm z \u00faradu z v\u00e1\u017eneho d\u00f4vodu\u201c, ak by ich \u201evz\u0165ah\u201c bol \u201enenapravite\u013ene naru\u0161en\u00fd\u201c. Udelenie s\u00fahlasu s rozhodnut\u00edm synody bude v kompetencii p\u00e1pe\u017ea.<\/p>\n<p><a href=\"https:\/\/www.vaticannews.va\/sk\/papez\/news\/2026-08\/vychodne-cirkvi-synody-budu-moct-odvolat-patriarchov-so-suhlaso.html\">\u010c\u00edtaj cel\u00e9<\/a><\/p>\n<p>\u00a0<\/p>","protected":false},"excerpt":{"rendered":"<p>V motu proprio, ktor\u00e9 bolo zverejnen\u00e9 dnes, 29. augusta, Lev XIV. stanovuje pr\u00e1vomoc synody biskupov odvola\u0165 svojho patriarchu s cie\u013eom \u201eobnovi\u0165 zranen\u00e9 spolo\u010denstvo, a to aj jeho odvolan\u00edm z \u00faradu z v\u00e1\u017eneho d\u00f4vodu\u201c, ak by ich \u201evz\u0165ah\u201c bol \u201enenapravite\u013ene naru\u0161en\u00fd\u201c. Udelenie s\u00fahlasu s rozhodnut\u00edm synody bude v kompetencii p\u00e1pe\u017ea. \u010c\u00edtaj cel\u00e9 \u00a0<\/p>\n","protected":false},"author":1,"featured_media":0,"comment_status":"closed","ping_status":"closed","sticky":false,"template":"","format":"standard","meta":{"ngg_post_thumbnail":0,"footnotes":""},"categories":[31],"tags":[],"class_list":["post-64030","post","type-post","status-publish","format-standard","hentry","category-spravy-z-vatikanu"],"views":1,"_links":{"self":[{"href":"https:\/\/www.farnost-strazske.sk\/index.php?rest_route=\/wp\/v2\/posts\/64030","targetHints":{"allow":["GET"]}}],"collection":[{"href":"https:\/\/www.farnost-strazske.sk\/index.php?rest_route=\/wp\/v2\/posts"}],"about":[{"href":"https:\/\/www.farnost-strazske.sk\/index.php?rest_route=\/wp\/v2\/types\/post"}],"author":[{"embeddable":true,"href":"https:\/\/www.farnost-strazske.sk\/index.php?rest_route=\/wp\/v2\/users\/1"}],"replies":[{"embeddable":true,"href":"https:\/\/www.farnost-strazske.sk\/index.php?rest_route=%2Fwp%2Fv2%2Fcomments&post=64030"}],"version-history":[{"count":0,"href":"https:\/\/www.farnost-strazske.sk\/index.php?rest_route=\/wp\/v2\/posts\/64030\/revisions"}],"wp:attachment":[{"href":"https:\/\/www.farnost-strazske.sk\/index.php?rest_route=%2Fwp%2Fv2%2Fmedia&parent=64030"}],"wp:term":[{"taxonomy":"category","embeddable":true,"href":"https:\/\/www.farnost-strazske.sk\/index.php?rest_route=%2Fwp%2Fv2%2Fcategories&post=64030"},{"taxonomy":"post_tag","embeddable":true,"href":"https:\/\/www.farnost-strazske.sk\/index.php?rest_route=%2Fwp%2Fv2%2Ftags&post=64030"}],"curies":[{"name":"wp","href":"https:\/\/api.w.org\/{rel}","templated":true}]}}