{"id":64032,"date":"2026-08-29T10:39:00","date_gmt":"2026-08-29T10:39:00","guid":{"rendered":"https:\/\/www.farnost-strazske.sk\/?p=64032"},"modified":"2026-08-29T10:39:00","modified_gmt":"2026-08-29T10:39:00","slug":"lev-xiv-bude-prvym-papezom-na-procesii-na-jazere-albano","status":"publish","type":"post","link":"https:\/\/www.farnost-strazske.sk\/?p=64032","title":{"rendered":"Lev XIV. bude prv\u00fdm p\u00e1pe\u017eom na procesii na jazere Albano"},"content":{"rendered":"<p>V dne\u0161n\u00fa sobotu 29. augusta bude p\u00e1pe\u017e o 18.00 hod. predseda\u0165 sv\u00e4tej om\u0161i v Castel Gandolfe v Kostole Panny M\u00e1rie, patr\u00f3nky jazera Albano pri pr\u00edle\u017eitosti jej sviatku. Po om\u0161i bude nasledova\u0165 procesia na lodiach so sochou Panny M\u00e1rie na spom\u00ednanom jazere, ktor\u00e9 tvor\u00ed kulisu letn\u00e9ho s\u00eddla p\u00e1pe\u017eov. Na lodi sa na nej z\u00fa\u010dastn\u00ed aj Lev XIV. ako v\u00f4bec prv\u00fd p\u00e1pe\u017e v hist\u00f3rii. <\/p>\n<p><a href=\"https:\/\/www.vaticannews.va\/sk\/papez\/news\/2026-08\/lev-xiv-bude-prvym-papezom-v-procesii-na-jazere-albano.html\">\u010c\u00edtaj cel\u00e9<\/a><\/p>\n<p>\u00a0<\/p>","protected":false},"excerpt":{"rendered":"<p>V dne\u0161n\u00fa sobotu 29. augusta bude p\u00e1pe\u017e o 18.00 hod. predseda\u0165 sv\u00e4tej om\u0161i v Castel Gandolfe v Kostole Panny M\u00e1rie, patr\u00f3nky jazera Albano pri pr\u00edle\u017eitosti jej sviatku. Po om\u0161i bude nasledova\u0165 procesia na lodiach so sochou Panny M\u00e1rie na spom\u00ednanom jazere, ktor\u00e9 tvor\u00ed kulisu letn\u00e9ho s\u00eddla p\u00e1pe\u017eov. Na lodi sa na nej z\u00fa\u010dastn\u00ed aj Lev [&hellip;]<\/p>\n","protected":false},"author":1,"featured_media":0,"comment_status":"closed","ping_status":"closed","sticky":false,"template":"","format":"standard","meta":{"ngg_post_thumbnail":0,"footnotes":""},"categories":[31],"tags":[],"class_list":["post-64032","post","type-post","status-publish","format-standard","hentry","category-spravy-z-vatikanu"],"views":3,"_links":{"self":[{"href":"https:\/\/www.farnost-strazske.sk\/index.php?rest_route=\/wp\/v2\/posts\/64032","targetHints":{"allow":["GET"]}}],"collection":[{"href":"https:\/\/www.farnost-strazske.sk\/index.php?rest_route=\/wp\/v2\/posts"}],"about":[{"href":"https:\/\/www.farnost-strazske.sk\/index.php?rest_route=\/wp\/v2\/types\/post"}],"author":[{"embeddable":true,"href":"https:\/\/www.farnost-strazske.sk\/index.php?rest_route=\/wp\/v2\/users\/1"}],"replies":[{"embeddable":true,"href":"https:\/\/www.farnost-strazske.sk\/index.php?rest_route=%2Fwp%2Fv2%2Fcomments&post=64032"}],"version-history":[{"count":0,"href":"https:\/\/www.farnost-strazske.sk\/index.php?rest_route=\/wp\/v2\/posts\/64032\/revisions"}],"wp:attachment":[{"href":"https:\/\/www.farnost-strazske.sk\/index.php?rest_route=%2Fwp%2Fv2%2Fmedia&parent=64032"}],"wp:term":[{"taxonomy":"category","embeddable":true,"href":"https:\/\/www.farnost-strazske.sk\/index.php?rest_route=%2Fwp%2Fv2%2Fcategories&post=64032"},{"taxonomy":"post_tag","embeddable":true,"href":"https:\/\/www.farnost-strazske.sk\/index.php?rest_route=%2Fwp%2Fv2%2Ftags&post=64032"}],"curies":[{"name":"wp","href":"https:\/\/api.w.org\/{rel}","templated":true}]}}