{"id":64035,"date":"2026-08-30T12:54:00","date_gmt":"2026-08-30T12:54:00","guid":{"rendered":"https:\/\/www.farnost-strazske.sk\/?p=64035"},"modified":"2026-08-30T12:54:00","modified_gmt":"2026-08-30T12:54:00","slug":"anjel-pana-aj-ked-nerozumieme-bozim-cestam-neprestavajme-s-nim-hovorit","status":"publish","type":"post","link":"https:\/\/www.farnost-strazske.sk\/?p=64035","title":{"rendered":"Anjel P\u00e1na: Aj ke\u010f nerozumieme Bo\u017e\u00edm cest\u00e1m, neprest\u00e1vajme s n\u00edm hovori\u0165"},"content":{"rendered":"<p>P\u00e1pe\u017e Lev XIV. sa v nede\u013eu 30. augusta pred modlitbou Anjel P\u00e1na v Castel Gandolfe zamyslel nad Petrovou reakciou na Je\u017ei\u0161ovo ozn\u00e1menie utrpenia a smrti. Sv\u00e4t\u00fd Otec pripomenul, \u017ee nie v\u017edy je \u013eahk\u00e9 pochopi\u0165 a prija\u0165 Bo\u017eie cesty, najm\u00e4 ke\u010f nezodpovedaj\u00fa na\u0161im o\u010dak\u00e1vaniam. Veriacich povzbudil, aby ani vo chv\u00ed\u013each neistoty neprest\u00e1vali vies\u0165 dial\u00f3g s P\u00e1nom a u\u010dili sa s d\u00f4verou prij\u00edma\u0165 jeho v\u00f4\u013eu.<\/p>\n<p><a href=\"https:\/\/www.vaticannews.va\/sk\/papez\/news\/2026-08\/anjel-pana-lev-xiv-bozie-cesty-dialog-s-panom-peter.html\">\u010c\u00edtaj cel\u00e9<\/a><\/p>\n<p>\u00a0<\/p>","protected":false},"excerpt":{"rendered":"<p>P\u00e1pe\u017e Lev XIV. sa v nede\u013eu 30. augusta pred modlitbou Anjel P\u00e1na v Castel Gandolfe zamyslel nad Petrovou reakciou na Je\u017ei\u0161ovo ozn\u00e1menie utrpenia a smrti. Sv\u00e4t\u00fd Otec pripomenul, \u017ee nie v\u017edy je \u013eahk\u00e9 pochopi\u0165 a prija\u0165 Bo\u017eie cesty, najm\u00e4 ke\u010f nezodpovedaj\u00fa na\u0161im o\u010dak\u00e1vaniam. Veriacich povzbudil, aby ani vo chv\u00ed\u013each neistoty neprest\u00e1vali vies\u0165 dial\u00f3g s P\u00e1nom [&hellip;]<\/p>\n","protected":false},"author":1,"featured_media":0,"comment_status":"closed","ping_status":"closed","sticky":false,"template":"","format":"standard","meta":{"ngg_post_thumbnail":0,"footnotes":""},"categories":[31],"tags":[],"class_list":["post-64035","post","type-post","status-publish","format-standard","hentry","category-spravy-z-vatikanu"],"views":1,"_links":{"self":[{"href":"https:\/\/www.farnost-strazske.sk\/index.php?rest_route=\/wp\/v2\/posts\/64035","targetHints":{"allow":["GET"]}}],"collection":[{"href":"https:\/\/www.farnost-strazske.sk\/index.php?rest_route=\/wp\/v2\/posts"}],"about":[{"href":"https:\/\/www.farnost-strazske.sk\/index.php?rest_route=\/wp\/v2\/types\/post"}],"author":[{"embeddable":true,"href":"https:\/\/www.farnost-strazske.sk\/index.php?rest_route=\/wp\/v2\/users\/1"}],"replies":[{"embeddable":true,"href":"https:\/\/www.farnost-strazske.sk\/index.php?rest_route=%2Fwp%2Fv2%2Fcomments&post=64035"}],"version-history":[{"count":0,"href":"https:\/\/www.farnost-strazske.sk\/index.php?rest_route=\/wp\/v2\/posts\/64035\/revisions"}],"wp:attachment":[{"href":"https:\/\/www.farnost-strazske.sk\/index.php?rest_route=%2Fwp%2Fv2%2Fmedia&parent=64035"}],"wp:term":[{"taxonomy":"category","embeddable":true,"href":"https:\/\/www.farnost-strazske.sk\/index.php?rest_route=%2Fwp%2Fv2%2Fcategories&post=64035"},{"taxonomy":"post_tag","embeddable":true,"href":"https:\/\/www.farnost-strazske.sk\/index.php?rest_route=%2Fwp%2Fv2%2Ftags&post=64035"}],"curies":[{"name":"wp","href":"https:\/\/api.w.org\/{rel}","templated":true}]}}