{"id":64037,"date":"2026-08-30T11:09:00","date_gmt":"2026-08-30T11:09:00","guid":{"rendered":"https:\/\/www.farnost-strazske.sk\/?p=64037"},"modified":"2026-08-30T11:09:00","modified_gmt":"2026-08-30T11:09:00","slug":"8-meditacia-mesiac-august","status":"publish","type":"post","link":"https:\/\/www.farnost-strazske.sk\/?p=64037","title":{"rendered":"8. medit\u00e1cia \u2013 Mesiac August"},"content":{"rendered":"<p>Prin\u00e1\u0161ame \u010fal\u0161iu \u010das\u0165 cyklu, ktor\u00fa pre Vatik\u00e1nsky rozhlas \u2013 Vatican News pripravil gr\u00e9ckokatol\u00edcky k\u0148az, archimandrita o. Jaroslav Laj\u010diak z Dikast\u00e9ria pre v\u00fdchodn\u00e9 cirkvi.<\/p>\n<p><a href=\"https:\/\/www.vaticannews.va\/sk\/cirkev\/news\/2026-08\/meditacia-mesiac-august-lajciak-osem.html\">\u010c\u00edtaj cel\u00e9<\/a><\/p>\n<p>\u00a0<\/p>","protected":false},"excerpt":{"rendered":"<p>Prin\u00e1\u0161ame \u010fal\u0161iu \u010das\u0165 cyklu, ktor\u00fa pre Vatik\u00e1nsky rozhlas \u2013 Vatican News pripravil gr\u00e9ckokatol\u00edcky k\u0148az, archimandrita o. Jaroslav Laj\u010diak z Dikast\u00e9ria pre v\u00fdchodn\u00e9 cirkvi. \u010c\u00edtaj cel\u00e9 \u00a0<\/p>\n","protected":false},"author":1,"featured_media":0,"comment_status":"closed","ping_status":"closed","sticky":false,"template":"","format":"standard","meta":{"ngg_post_thumbnail":0,"footnotes":""},"categories":[31],"tags":[],"class_list":["post-64037","post","type-post","status-publish","format-standard","hentry","category-spravy-z-vatikanu"],"views":1,"_links":{"self":[{"href":"https:\/\/www.farnost-strazske.sk\/index.php?rest_route=\/wp\/v2\/posts\/64037","targetHints":{"allow":["GET"]}}],"collection":[{"href":"https:\/\/www.farnost-strazske.sk\/index.php?rest_route=\/wp\/v2\/posts"}],"about":[{"href":"https:\/\/www.farnost-strazske.sk\/index.php?rest_route=\/wp\/v2\/types\/post"}],"author":[{"embeddable":true,"href":"https:\/\/www.farnost-strazske.sk\/index.php?rest_route=\/wp\/v2\/users\/1"}],"replies":[{"embeddable":true,"href":"https:\/\/www.farnost-strazske.sk\/index.php?rest_route=%2Fwp%2Fv2%2Fcomments&post=64037"}],"version-history":[{"count":0,"href":"https:\/\/www.farnost-strazske.sk\/index.php?rest_route=\/wp\/v2\/posts\/64037\/revisions"}],"wp:attachment":[{"href":"https:\/\/www.farnost-strazske.sk\/index.php?rest_route=%2Fwp%2Fv2%2Fmedia&parent=64037"}],"wp:term":[{"taxonomy":"category","embeddable":true,"href":"https:\/\/www.farnost-strazske.sk\/index.php?rest_route=%2Fwp%2Fv2%2Fcategories&post=64037"},{"taxonomy":"post_tag","embeddable":true,"href":"https:\/\/www.farnost-strazske.sk\/index.php?rest_route=%2Fwp%2Fv2%2Ftags&post=64037"}],"curies":[{"name":"wp","href":"https:\/\/api.w.org\/{rel}","templated":true}]}}