{"id":64038,"date":"2026-08-30T21:38:00","date_gmt":"2026-08-30T21:38:00","guid":{"rendered":"https:\/\/www.farnost-strazske.sk\/?p=64038"},"modified":"2026-08-30T23:42:35","modified_gmt":"2026-08-30T23:42:35","slug":"liturgicky-prehlad-a-oznamy-31-8-6-9-2026","status":"publish","type":"post","link":"https:\/\/www.farnost-strazske.sk\/?p=64038","title":{"rendered":"Liturgick\u00fd preh\u013ead a\u00a0oznamy 31.8. \u2013 6.9. 2026"},"content":{"rendered":"<table width=\"97%\">\n<tbody>\n<tr>\n<td width=\"28%\">\n<p style=\"text-align: center;\"><strong>Pondelok \/31.08.\/<\/strong><\/p>\n<p style=\"text-align: center;\"><em>f\u00e9ria<\/em><\/p>\n<\/td>\n<td width=\"33%\"><em><u>07.30 Str\u00e1\u017eske-sv.zmierenia (aj po sv. om\u0161i)<\/u><\/em><\/p>\n<p><strong>08.00 Str\u00e1\u017eske<br \/>\n<\/strong>+ Anton\u00edn Materna<\/td>\n<td width=\"33%\"><em><u>07.30 Brekov-sv.zmierenia (aj po sv. om\u0161i)<\/u><\/em><\/p>\n<p><strong>08.00 Brekov<br \/>\n<\/strong>+ ROD Miha\u013ekov\u00e1 (\u010d.215)<\/td>\n<\/tr>\n<tr>\n<td width=\"28%\">\n<p style=\"text-align: center;\"><strong>Utorok \/01.09.\/<\/strong><\/p>\n<p style=\"text-align: center;\"><em>f\u00e9ria<\/em><\/p>\n<\/td>\n<td width=\"33%\"><em><u>17.00\u201318.00 Str\u00e1\u017eske-sv.zmierenia<\/u><\/em><\/p>\n<p><strong>18.00 Str\u00e1\u017eske<br \/>\n<\/strong>+ Jozef, Anna<br \/>\n+ ROD Da\u0148ov\u00e1 a Dziakov\u00e1 &nbsp;&nbsp;<\/td>\n<td width=\"33%\"><em><u>17.00\u201318.00 P.\u010cemern\u00e9-sv.zmierenia<\/u><\/em><\/p>\n<p><strong>18.00 Pust\u00e9 \u010cemern\u00e9 <\/strong><\/td>\n<\/tr>\n<tr>\n<td width=\"28%\">\n<p style=\"text-align: center;\"><strong>Streda \/02.09.\/<\/strong><\/p>\n<p style=\"text-align: center;\">sv. Gregora Ve\u013ek\u00e9ho, p\u00e1pe\u017ea<em><br \/>\nspomienka<\/em><\/p>\n<\/td>\n<td width=\"33%\"><u>11.00\u201312.00 Str\u00e1\u017eske-<\/u><em><u>sv.zmierenia<\/u><\/em><\/p>\n<p><strong>12.00 Str\u00e1\u017eske<br \/>\n<\/strong>+ Katar\u00edna a&nbsp;Jozef Va\u013eov\u010d\u00edk &nbsp;<\/td>\n<td width=\"33%\"><em><u>16.30\u201318.00 Brekov-sv.zmierenia<\/u><\/em><\/p>\n<p><strong>18.00 Brekov \u2013 pohrebn\u00e1<br \/>\n<\/strong>+ Krist\u00edna Goro\u013eov\u00e1<\/td>\n<\/tr>\n<tr>\n<td width=\"28%\">\n<p style=\"text-align: center;\"><strong>\u0160tvrtok \/03.09.\/<\/strong><\/p>\n<p style=\"text-align: center;\"><em>f\u00e9ria<\/em><\/p>\n<\/td>\n<td width=\"33%\"><em><span style=\"text-decoration: underline;\">15.00 Str\u00e1\u017eske-ADOR\u00c1CIA<\/span><\/em><\/p>\n<p><em><u>16.30\u201318.00 Str\u00e1\u017eske-sv.zmierenia<\/u><\/em><\/p>\n<p><strong>18.00 Str\u00e1\u017eske<br \/>\n<\/strong>+ Vladim\u00edr Mrva<\/td>\n<td width=\"33%\"><em><u>16.15\u201317.00 Krivo\u0161\u0165any-sv.zmierenia<\/u><\/em><\/p>\n<p><strong>17.00 Krivo\u0161\u0165any<\/strong><\/td>\n<\/tr>\n<tr>\n<td width=\"28%\">\n<p style=\"text-align: center;\"><strong>Piatok \/04.09.\/<\/strong><\/p>\n<p style=\"text-align: center;\">1. piatok<\/p>\n<\/td>\n<td width=\"33%\"><em><u>08.15 Str\u00e1\u017eske\u2013sv.zmierenia chor\u00fdch<\/u><\/em><\/p>\n<p><strong>17.00 Krivo\u0161\u0165any<\/strong><\/p>\n<p><strong>18.15 Str\u00e1\u017eske (mlad\u00ed a&nbsp;deti)<br \/>\n<\/strong>+ ROD Bodn\u00e1rov\u00e1, Murnikov\u00e1<br \/>\n+ Michal Ka\u010dur<\/td>\n<td width=\"33%\"><em><u>08.00 Brekov\u2013sv.zmierenia chor\u00fdch<\/u><\/em><\/p>\n<p><strong>17.00 Pust\u00e9 \u010cemern\u00e9<\/strong><\/p>\n<p><strong>18.15 Brekov<br \/>\n<\/strong>+ Daniela Klajbanov\u00e1<\/td>\n<\/tr>\n<tr>\n<td width=\"28%\">\n<p style=\"text-align: center;\"><strong>Sobota \/05.09.\/<\/strong><\/p>\n<p style=\"text-align: center;\">Fatimsk\u00e1 sobota<\/p>\n<\/td>\n<td width=\"33%\"><em><u>09.30 Ko\u0161ice \u2013 katedr\u00e1la \u2013 D\u00f3m<\/u><\/em><\/p>\n<p><em><u>17.00 Fatimsk\u00e1 sobota \u2013 Str\u00e1\u017eske<\/u><\/em><\/p>\n<p><strong>18.00 Str\u00e1\u017eske<br \/>\n<\/strong>+ Irena Ma\u013eudyov\u00e1<\/td>\n<td width=\"33%\"><em><u>17.00 Fatimsk\u00e1 sobota \u2013 Str\u00e1\u017eske<\/u><\/em><\/p>\n<p><strong>18.00 Brekov<br \/>\n<\/strong>ZBP Andrej a&nbsp;Kl\u00e1ra Miha\u013eko<\/td>\n<\/tr>\n<tr>\n<td width=\"28%\">\n<p style=\"text-align: center;\"><strong>Nede\u013ea \/06.09.\/<\/strong><\/p>\n<p style=\"text-align: center;\"><strong>23. nede\u013ea v&nbsp;cezro\u010dnom obdob\u00ed<\/strong><\/p>\n<\/td>\n<td width=\"33%\"><strong>08.00 Krivo\u0161\u0165any<\/strong><\/p>\n<p><strong>10.30 Str\u00e1\u017eske (Rodiny s&nbsp;de\u0165mi)<br \/>\n<\/strong>ZBP Ren\u00e1ta Kusyov\u00e1&nbsp;<\/p>\n<p><strong>18.15 Str\u00e1\u017eske<br \/>\n<\/strong>ZBP man\u017eelov Dzurillov\u00fdch<\/td>\n<td width=\"33%\"><strong>09.15 Brekov<br \/>\n<\/strong>ZBP M\u00e1ria Natafalu\u0161iov\u00e1<\/p>\n<p><strong>10.30 Pust\u00e9 \u010cemern\u00e9 (Rodiny s&nbsp;de\u0165mi)<br \/>\nOdpustov\u00e1 sl\u00e1vnos\u0165<\/strong><\/td>\n<\/tr>\n<\/tbody>\n<\/table>\n<p style=\"text-align: center;\"><strong>Ohl\u00e1\u0161ky:<\/strong><\/p>\n<p style=\"text-align: center;\"><strong><u>Dominik Pa\u013eo<\/u><\/strong><u> (Roho\u017en\u00edk)) a <strong>Barbora Mis\u00e1rov\u00e1<\/strong> (Str\u00e1\u017eske) \u2013 ohlasuj\u00fa sa <strong>1. raz<\/strong><\/u><\/p>\n<p>&nbsp;<\/p>\n<hr>\n<ul>\n<li>Na bud\u00facu nede\u013eu bude pri &nbsp;Sv. om\u0161iach obrad <span style=\"text-decoration: underline;\">po\u017eehnania \u0161kolsk\u00fdch aktoviek<\/span><\/li>\n<li>V&nbsp;t\u00fd\u017edni op\u00e4\u0165 otvoren\u00fd kostol pre osobn\u00fa modlitbu <u>6:40 \u2013 8.00<\/u>; &nbsp;Biblick\u00e9 stretnutie vo \u0161tvrtok<\/li>\n<li>V mene veriacich Pust\u00e9ho \u010cemern\u00e9ho V\u00e1s poz\u00fdvame &nbsp;v nede\u013eu&nbsp; <u>06.09. o&nbsp;10:30<\/u> na odpustov\u00fa sl\u00e1vnos\u0165 Sv\u00e4t\u00fdch ko\u0161ick\u00fdch mu\u010den\u00edkov v&nbsp;Pustom \u010cemernom<\/li>\n<li><strong>\u010eakujeme za ka\u017ed\u00fa Va\u0161u modlitbu, obetu, slu\u017ebu&nbsp; a&nbsp;n\u00e1mahu pre farnos\u0165 v&nbsp;uplynulom t\u00fd\u017edni<\/strong><\/li>\n<\/ul>\n","protected":false},"excerpt":{"rendered":"<p>Pondelok \/31.08.\/ f\u00e9ria 07.30 Str\u00e1\u017eske-sv.zmierenia (aj po sv. om\u0161i) 08.00 Str\u00e1\u017eske + Anton\u00edn Materna 07.30 Brekov-sv.zmierenia (aj po sv. om\u0161i) 08.00 Brekov + ROD Miha\u013ekov\u00e1 (\u010d.215) Utorok \/01.09.\/ f\u00e9ria 17.00\u201318.00 Str\u00e1\u017eske-sv.zmierenia 18.00 Str\u00e1\u017eske + Jozef, Anna + ROD Da\u0148ov\u00e1 a Dziakov\u00e1 &nbsp;&nbsp; 17.00\u201318.00 P.\u010cemern\u00e9-sv.zmierenia 18.00 Pust\u00e9 \u010cemern\u00e9 Streda \/02.09.\/ sv. Gregora Ve\u013ek\u00e9ho, p\u00e1pe\u017ea spomienka 11.00\u201312.00 [&hellip;]<\/p>\n","protected":false},"author":1,"featured_media":0,"comment_status":"closed","ping_status":"closed","sticky":false,"template":"","format":"standard","meta":{"ngg_post_thumbnail":0,"footnotes":""},"categories":[4],"tags":[],"class_list":["post-64038","post","type-post","status-publish","format-standard","hentry","category-farske-oznamy"],"views":49,"_links":{"self":[{"href":"https:\/\/www.farnost-strazske.sk\/index.php?rest_route=\/wp\/v2\/posts\/64038","targetHints":{"allow":["GET"]}}],"collection":[{"href":"https:\/\/www.farnost-strazske.sk\/index.php?rest_route=\/wp\/v2\/posts"}],"about":[{"href":"https:\/\/www.farnost-strazske.sk\/index.php?rest_route=\/wp\/v2\/types\/post"}],"author":[{"embeddable":true,"href":"https:\/\/www.farnost-strazske.sk\/index.php?rest_route=\/wp\/v2\/users\/1"}],"replies":[{"embeddable":true,"href":"https:\/\/www.farnost-strazske.sk\/index.php?rest_route=%2Fwp%2Fv2%2Fcomments&post=64038"}],"version-history":[{"count":5,"href":"https:\/\/www.farnost-strazske.sk\/index.php?rest_route=\/wp\/v2\/posts\/64038\/revisions"}],"predecessor-version":[{"id":64043,"href":"https:\/\/www.farnost-strazske.sk\/index.php?rest_route=\/wp\/v2\/posts\/64038\/revisions\/64043"}],"wp:attachment":[{"href":"https:\/\/www.farnost-strazske.sk\/index.php?rest_route=%2Fwp%2Fv2%2Fmedia&parent=64038"}],"wp:term":[{"taxonomy":"category","embeddable":true,"href":"https:\/\/www.farnost-strazske.sk\/index.php?rest_route=%2Fwp%2Fv2%2Fcategories&post=64038"},{"taxonomy":"post_tag","embeddable":true,"href":"https:\/\/www.farnost-strazske.sk\/index.php?rest_route=%2Fwp%2Fv2%2Ftags&post=64038"}],"curies":[{"name":"wp","href":"https:\/\/api.w.org\/{rel}","templated":true}]}}